{"id":986,"date":"2018-03-11T11:15:13","date_gmt":"2018-03-11T10:15:13","guid":{"rendered":"https:\/\/rww-bismarck.de\/?p=986"},"modified":"2018-03-11T11:24:38","modified_gmt":"2018-03-11T10:24:38","slug":"c-jugend-abermals-ungeschlagen","status":"publish","type":"post","link":"https:\/\/rww-bismarck.de\/?p=986","title":{"rendered":"C Jugend abermals ungeschlagen"},"content":{"rendered":"<p>Am gestrigen Tage war unsere C Jugend bei herrlichem Fu\u00dfballwetter, ersatzgeschw\u00e4cht zu Gast bei Adler Feldmark.<\/p>\n<p>Wie schon in den vergangenden Spielen sollte ein Schwerpunkt auf die Verteidigung bzw. die Zweik\u00e4mpfe gelegt werden. Es sorgte f\u00fcr etwas Verwunderung das unser eigentlich dauerhaft gesetzter St\u00fcrmer Mati von Beginn an in der Innenverteidigung neben Wolfgang aktiv mitwirken sollte. Wir wollten unsere Abwehr so sicher wie m\u00f6glich stellen, was uns mit Fabian auf der rechten und mit Kuki auf der linken Seite sehr gut gelang. Durch die doppelt belegte &#8220;Sechser&#8221; Postion durch Nick und Bilal war dann eine Art Abwehrbollwerk entstanden, das in der ersten Halbzeit so gut wie keine Chance zulie\u00df.<\/p>\n<p>Es versteht sich von selbst, das man bei der defensiven Aufstellung wenig Freiraum f\u00fcr die Offensive hat, aber dennoch gelang es uns immer wieder Nadelstiche in den gegnerischen Strafraum zu setzen, auch dank der hervorragenden Leistung von unserem Brandon und Dominik, die beide einen aussergew\u00f6hnlich guten Tag erwischt hatten. Komplementiert wurde das Ganze noch durch Ayaz auf unserer linken Seite und Dustin im Sturm.<\/p>\n<p>Zwei riesige Chancen h\u00e4tten uns eigentlich in F\u00fchrung bringen m\u00fcssen, durch Mati, allein auf den Torwart und in der letzten Sekunde durch einen gegnerischen Verteidiger von der Lienie gekratzt, und Brandon kurz danach aus k\u00fcrzester Distanz aber mit seinem schw\u00e4cheren Linken direkt auf den Torwart.<\/p>\n<p>0 zu 0 zur Halbzeit und Adler konnte sich \u00fcber das Ergebnis wahrlich nicht beschweren.<\/p>\n<p>Zum Beginn der zweiten H\u00e4lfte wollten wir mehr Druck nach vorne hin aufbauen, denn, das war allen nach der ersten H\u00e4lfte klar, da war mehr drin als nur ein Unentschieden. So kam mit Joel zwar ein weiterer defensiver Spieler ins Team, aber dadurch das Mati auf seine angestammte Position kam, hatte Ayaz eine weitere Anspielstation im Angriff was uns ja schon das ein oder andere Mal zu seinem Sieg verholfen hatte.<\/p>\n<p>Zwar wurde der Druck auf Adler nun gr\u00f6\u00dfer, wir mussten aber auch durch mehr Offensive hinten deutlich mehr dagegen halten, was uns bis zum Schlu\u00df durch alle Spieler super gelang, denn nur eine einzige Chance lie\u00dfen wir kurz vor Ende zu die unser Keeper Batuhan aber klasse parierte.<\/p>\n<p>Auf Grund der klar besseren ersten Halbzeit mit den deutlicheren Chancen f\u00fcr uns w\u00e4re ein Sieg verdienter gewesen, so geht die Punkteteilung aber auch in Ordnung.<\/p>\n<p>Fazit: Wieder ein Mal haben es unsere Jungs bewiesen, das wenn Sie wirklich als Team &#8220;arbeiten&#8221; viel mehr m\u00f6glich ist, als das sich das ein einzelner vorstellen k\u00f6nnte. Ich bin Stolz auf meine Mannschaft und freue mich auf kommende Gegner und Aufgaben.<\/p>\n<p>Besonders m\u00f6chte ich mich bei den vielen mitgereisten Eltern bedanken die wie immer ein gr\u00f6\u00dfer R\u00fcckhalt f\u00fcr das gesamte Team sind, und bei den mitgreisten Fans unserer C .<\/p>\n<p>Freundlichst&#8230; Stefan Langer<\/p>\n<p>&nbsp;<\/p>\n<p>&nbsp;<\/p>\n<p><img loading=\"lazy\" decoding=\"async\" class=\"alignnone size-medium wp-image-995\" src=\"https:\/\/rww-bismarck.de\/wp-content\/uploads\/2018\/03\/S8000758-300x225.jpg\" alt=\"\" width=\"300\" height=\"225\" srcset=\"https:\/\/rww-bismarck.de\/wp-content\/uploads\/2018\/03\/S8000758-300x225.jpg 300w, https:\/\/rww-bismarck.de\/wp-content\/uploads\/2018\/03\/S8000758-768x576.jpg 768w, https:\/\/rww-bismarck.de\/wp-content\/uploads\/2018\/03\/S8000758-1024x768.jpg 1024w, https:\/\/rww-bismarck.de\/wp-content\/uploads\/2018\/03\/S8000758-425x319.jpg 425w\" sizes=\"auto, (max-width: 300px) 100vw, 300px\" \/> <img loading=\"lazy\" decoding=\"async\" class=\"alignnone size-medium wp-image-994\" src=\"https:\/\/rww-bismarck.de\/wp-content\/uploads\/2018\/03\/S8000757-300x225.jpg\" alt=\"\" width=\"300\" height=\"225\" srcset=\"https:\/\/rww-bismarck.de\/wp-content\/uploads\/2018\/03\/S8000757-300x225.jpg 300w, https:\/\/rww-bismarck.de\/wp-content\/uploads\/2018\/03\/S8000757-768x576.jpg 768w, https:\/\/rww-bismarck.de\/wp-content\/uploads\/2018\/03\/S8000757-1024x768.jpg 1024w, https:\/\/rww-bismarck.de\/wp-content\/uploads\/2018\/03\/S8000757-425x319.jpg 425w\" sizes=\"auto, (max-width: 300px) 100vw, 300px\" \/> <img loading=\"lazy\" decoding=\"async\" class=\"alignnone size-medium wp-image-992\" src=\"https:\/\/rww-bismarck.de\/wp-content\/uploads\/2018\/03\/S8000754-300x225.jpg\" alt=\"\" width=\"300\" height=\"225\" srcset=\"https:\/\/rww-bismarck.de\/wp-content\/uploads\/2018\/03\/S8000754-300x225.jpg 300w, https:\/\/rww-bismarck.de\/wp-content\/uploads\/2018\/03\/S8000754-768x576.jpg 768w, https:\/\/rww-bismarck.de\/wp-content\/uploads\/2018\/03\/S8000754-1024x768.jpg 1024w, https:\/\/rww-bismarck.de\/wp-content\/uploads\/2018\/03\/S8000754-425x319.jpg 425w\" sizes=\"auto, (max-width: 300px) 100vw, 300px\" \/> <img loading=\"lazy\" decoding=\"async\" class=\"alignnone size-medium wp-image-989\" src=\"https:\/\/rww-bismarck.de\/wp-content\/uploads\/2018\/03\/S8000759-300x225.jpg\" alt=\"\" width=\"300\" height=\"225\" srcset=\"https:\/\/rww-bismarck.de\/wp-content\/uploads\/2018\/03\/S8000759-300x225.jpg 300w, https:\/\/rww-bismarck.de\/wp-content\/uploads\/2018\/03\/S8000759-768x576.jpg 768w, https:\/\/rww-bismarck.de\/wp-content\/uploads\/2018\/03\/S8000759-1024x768.jpg 1024w, https:\/\/rww-bismarck.de\/wp-content\/uploads\/2018\/03\/S8000759-425x319.jpg 425w\" sizes=\"auto, (max-width: 300px) 100vw, 300px\" \/> <img loading=\"lazy\" decoding=\"async\" class=\"alignnone size-medium wp-image-990\" src=\"https:\/\/rww-bismarck.de\/wp-content\/uploads\/2018\/03\/IMG-20180310-WA0042-300x169.jpg\" alt=\"\" width=\"300\" height=\"169\" srcset=\"https:\/\/rww-bismarck.de\/wp-content\/uploads\/2018\/03\/IMG-20180310-WA0042-300x169.jpg 300w, https:\/\/rww-bismarck.de\/wp-content\/uploads\/2018\/03\/IMG-20180310-WA0042-768x432.jpg 768w, https:\/\/rww-bismarck.de\/wp-content\/uploads\/2018\/03\/IMG-20180310-WA0042-1024x576.jpg 1024w, https:\/\/rww-bismarck.de\/wp-content\/uploads\/2018\/03\/IMG-20180310-WA0042-425x239.jpg 425w, https:\/\/rww-bismarck.de\/wp-content\/uploads\/2018\/03\/IMG-20180310-WA0042.jpg 1280w\" sizes=\"auto, (max-width: 300px) 100vw, 300px\" \/><img loading=\"lazy\" decoding=\"async\" class=\"alignnone size-medium wp-image-991\" src=\"https:\/\/rww-bismarck.de\/wp-content\/uploads\/2018\/03\/IMG-20180310-WA0064-300x169.jpg\" alt=\"\" width=\"300\" height=\"169\" srcset=\"https:\/\/rww-bismarck.de\/wp-content\/uploads\/2018\/03\/IMG-20180310-WA0064-300x169.jpg 300w, https:\/\/rww-bismarck.de\/wp-content\/uploads\/2018\/03\/IMG-20180310-WA0064-768x432.jpg 768w, https:\/\/rww-bismarck.de\/wp-content\/uploads\/2018\/03\/IMG-20180310-WA0064-1024x576.jpg 1024w, https:\/\/rww-bismarck.de\/wp-content\/uploads\/2018\/03\/IMG-20180310-WA0064-425x239.jpg 425w, https:\/\/rww-bismarck.de\/wp-content\/uploads\/2018\/03\/IMG-20180310-WA0064.jpg 1280w\" sizes=\"auto, (max-width: 300px) 100vw, 300px\" \/><\/p>\n<p>Fotos: Michelle<\/p>\n","protected":false},"excerpt":{"rendered":"<p>Am gestrigen Tage war unsere C Jugend bei herrlichem Fu\u00dfballwetter, ersatzgeschw\u00e4cht zu Gast bei Adler Feldmark. Wie schon in den vergangenden Spielen sollte ein Schwerpunkt auf die Verteidigung bzw. die Zweik\u00e4mpfe gelegt werden. Es sorgte f\u00fcr etwas Verwunderung das unser eigentlich dauerhaft gesetzter St\u00fcrmer Mati von Beginn an in der Innenverteidigung neben Wolfgang aktiv mitwirken [&hellip;]<\/p>\n","protected":false},"author":14,"featured_media":0,"comment_status":"open","ping_status":"open","sticky":false,"template":"","format":"standard","meta":{"ngg_post_thumbnail":0,"footnotes":""},"categories":[7],"tags":[],"class_list":["post-986","post","type-post","status-publish","format-standard","hentry","category-jugend"],"_links":{"self":[{"href":"https:\/\/rww-bismarck.de\/index.php?rest_route=\/wp\/v2\/posts\/986","targetHints":{"allow":["GET"]}}],"collection":[{"href":"https:\/\/rww-bismarck.de\/index.php?rest_route=\/wp\/v2\/posts"}],"about":[{"href":"https:\/\/rww-bismarck.de\/index.php?rest_route=\/wp\/v2\/types\/post"}],"author":[{"embeddable":true,"href":"https:\/\/rww-bismarck.de\/index.php?rest_route=\/wp\/v2\/users\/14"}],"replies":[{"embeddable":true,"href":"https:\/\/rww-bismarck.de\/index.php?rest_route=%2Fwp%2Fv2%2Fcomments&post=986"}],"version-history":[{"count":4,"href":"https:\/\/rww-bismarck.de\/index.php?rest_route=\/wp\/v2\/posts\/986\/revisions"}],"predecessor-version":[{"id":998,"href":"https:\/\/rww-bismarck.de\/index.php?rest_route=\/wp\/v2\/posts\/986\/revisions\/998"}],"wp:attachment":[{"href":"https:\/\/rww-bismarck.de\/index.php?rest_route=%2Fwp%2Fv2%2Fmedia&parent=986"}],"wp:term":[{"taxonomy":"category","embeddable":true,"href":"https:\/\/rww-bismarck.de\/index.php?rest_route=%2Fwp%2Fv2%2Fcategories&post=986"},{"taxonomy":"post_tag","embeddable":true,"href":"https:\/\/rww-bismarck.de\/index.php?rest_route=%2Fwp%2Fv2%2Ftags&post=986"}],"curies":[{"name":"wp","href":"https:\/\/api.w.org\/{rel}","templated":true}]}}