{"id":1851,"date":"2024-06-12T13:01:30","date_gmt":"2024-06-12T12:01:30","guid":{"rendered":"https:\/\/rww-bismarck.de\/?p=1851"},"modified":"2024-06-12T13:01:30","modified_gmt":"2024-06-12T12:01:30","slug":"frank-neumann-tritt-als-trainer-der-zweiten-mannschaft-zurueck","status":"publish","type":"post","link":"https:\/\/rww-bismarck.de\/?p=1851","title":{"rendered":"Frank Neumann tritt als Trainer der zweiten Mannschaft zur\u00fcck"},"content":{"rendered":"\n<p>Frank Neumann tritt mit sofortiger Wirkung als Trainer der zweiten Mannschaft zur\u00fcck und wird unsere Zweitvertretung in der kommenden Saison nicht mehr als Chefcoach betreuen!<\/p>\n<p>&nbsp;<\/p>\n<p>Auf der abschlie\u00dfenden Vorstandssitzung am gestrigen Abend kamen f\u00fcr den Coach unumg\u00e4ngliche Probleme innerhalb der Mannschaft ans Licht, weswegen er sich nicht in der Lage sieht weiterhin Trainer der zweiten Mannschaft zu bleiben.&nbsp;<\/p>\n<p>&nbsp;<\/p>\n<p>Wir bedauern Franks Entscheidung sehr, wir hatten gehofft l\u00e4ngerfristig und vor allem gemeinsam mit ihm in der n\u00e4chsten Saison etwas aufbauen zu k\u00f6nnen.&nbsp;<\/p>\n<p>&nbsp;<\/p>\n<p>Nach dem was gestern auf den Tisch gekommen ist, k\u00f6nnen wir diesen Schritt aber definitiv verstehen. Wir bedanken uns bei Frank f\u00fcr sein Engagement und seine Arbeit als Chefcoach der zweiten, nicht nur wegen diesen Jahres, sondern auch wegen dem vorletzten Sommer, als er geblieben ist und mit angepackt hat.<\/p>\n<p>&nbsp;<\/p>\n<p>Danke Frank und wir w\u00fcnschen dir alles erdenklich gute. Wir hoffen sehr, das wir dich trotzdem noch h\u00e4ufig bei uns an der Reckfeldroad begr\u00fc\u00dfen d\u00fcrfen.<\/p>\n<p>&nbsp;<\/p>\n<p>\u00dcber die Nachfolge werden wir in naher Zukunft informieren.<\/p>\n","protected":false},"excerpt":{"rendered":"<p>Frank Neumann tritt mit sofortiger Wirkung als Trainer der zweiten Mannschaft zur\u00fcck und wird unsere Zweitvertretung in der kommenden Saison nicht mehr als Chefcoach betreuen! &nbsp; Auf der abschlie\u00dfenden Vorstandssitzung am gestrigen Abend kamen f\u00fcr den Coach unumg\u00e4ngliche Probleme innerhalb der Mannschaft ans Licht, weswegen er sich nicht in der Lage sieht weiterhin Trainer der [&hellip;]<\/p>\n","protected":false},"author":14,"featured_media":1852,"comment_status":"open","ping_status":"open","sticky":false,"template":"","format":"standard","meta":{"ngg_post_thumbnail":0,"footnotes":""},"categories":[6,18],"tags":[77,22,65,63],"class_list":["post-1851","post","type-post","status-publish","format-standard","has-post-thumbnail","hentry","category-2-mannschaft","category-vorstandsinformationen","tag-frank-neumann","tag-rww","tag-trainer","tag-zweite-mannschaft"],"_links":{"self":[{"href":"https:\/\/rww-bismarck.de\/index.php?rest_route=\/wp\/v2\/posts\/1851","targetHints":{"allow":["GET"]}}],"collection":[{"href":"https:\/\/rww-bismarck.de\/index.php?rest_route=\/wp\/v2\/posts"}],"about":[{"href":"https:\/\/rww-bismarck.de\/index.php?rest_route=\/wp\/v2\/types\/post"}],"author":[{"embeddable":true,"href":"https:\/\/rww-bismarck.de\/index.php?rest_route=\/wp\/v2\/users\/14"}],"replies":[{"embeddable":true,"href":"https:\/\/rww-bismarck.de\/index.php?rest_route=%2Fwp%2Fv2%2Fcomments&post=1851"}],"version-history":[{"count":1,"href":"https:\/\/rww-bismarck.de\/index.php?rest_route=\/wp\/v2\/posts\/1851\/revisions"}],"predecessor-version":[{"id":1853,"href":"https:\/\/rww-bismarck.de\/index.php?rest_route=\/wp\/v2\/posts\/1851\/revisions\/1853"}],"wp:featuredmedia":[{"embeddable":true,"href":"https:\/\/rww-bismarck.de\/index.php?rest_route=\/wp\/v2\/media\/1852"}],"wp:attachment":[{"href":"https:\/\/rww-bismarck.de\/index.php?rest_route=%2Fwp%2Fv2%2Fmedia&parent=1851"}],"wp:term":[{"taxonomy":"category","embeddable":true,"href":"https:\/\/rww-bismarck.de\/index.php?rest_route=%2Fwp%2Fv2%2Fcategories&post=1851"},{"taxonomy":"post_tag","embeddable":true,"href":"https:\/\/rww-bismarck.de\/index.php?rest_route=%2Fwp%2Fv2%2Ftags&post=1851"}],"curies":[{"name":"wp","href":"https:\/\/api.w.org\/{rel}","templated":true}]}}