{"id":1745,"date":"2023-04-17T13:16:09","date_gmt":"2023-04-17T12:16:09","guid":{"rendered":"https:\/\/rww-bismarck.de\/?p=1745"},"modified":"2023-04-17T13:16:09","modified_gmt":"2023-04-17T12:16:09","slug":"rww-vaddertach-2023","status":"publish","type":"post","link":"https:\/\/rww-bismarck.de\/?p=1745","title":{"rendered":"RWW-Vaddertach 2023"},"content":{"rendered":"\n\n\n<p>Auch dieses Jahr ist es wieder soweit!<br><br>RWW l\u00e4dt herzlich zur j\u00e4hrlichen Vatertags-Feier am 18.05.23 an der Reckfeldroad ein! Alle Vereinsmitglieder, ehemalige und Angeh\u00f6rige sind herzlich eingeladen vorbeizuschauen \ud83d\udd25<br><br>Wir freuen uns auf euch! Der Grill \u00fcbrigens auch \ud83d\ude09<br><br>Start ist gegen 11 Uhr, ein Spiel mit gemischten Mannschaften ist auch geplant!<\/p>\n<p>&nbsp;<\/p>\n<p><img loading=\"lazy\" decoding=\"async\" class=\"alignnone  wp-image-1746\" src=\"https:\/\/rww-bismarck.de\/wp-content\/uploads\/2023\/04\/Vatertag2023grafik-238x300.jpg\" alt=\"\" width=\"562\" height=\"709\" srcset=\"https:\/\/rww-bismarck.de\/wp-content\/uploads\/2023\/04\/Vatertag2023grafik-238x300.jpg 238w, https:\/\/rww-bismarck.de\/wp-content\/uploads\/2023\/04\/Vatertag2023grafik-812x1024.jpg 812w, https:\/\/rww-bismarck.de\/wp-content\/uploads\/2023\/04\/Vatertag2023grafik-768x969.jpg 768w, https:\/\/rww-bismarck.de\/wp-content\/uploads\/2023\/04\/Vatertag2023grafik-425x536.jpg 425w, https:\/\/rww-bismarck.de\/wp-content\/uploads\/2023\/04\/Vatertag2023grafik.jpg 1080w\" sizes=\"auto, (max-width: 562px) 100vw, 562px\" \/><\/p>\n","protected":false},"excerpt":{"rendered":"<p>Auch dieses Jahr ist es wieder soweit! RWW l\u00e4dt herzlich zur j\u00e4hrlichen Vatertags-Feier am 18.05.23 an der Reckfeldroad ein! Alle Vereinsmitglieder, ehemalige und Angeh\u00f6rige sind herzlich eingeladen vorbeizuschauen \ud83d\udd25 Wir freuen uns auf euch! Der Grill \u00fcbrigens auch \ud83d\ude09 Start ist gegen 11 Uhr, ein Spiel mit gemischten Mannschaften ist auch geplant! &nbsp;<\/p>\n","protected":false},"author":14,"featured_media":0,"comment_status":"open","ping_status":"open","sticky":false,"template":"","format":"standard","meta":{"ngg_post_thumbnail":0,"footnotes":""},"categories":[12,3,18],"tags":[22,37,33],"class_list":["post-1745","post","type-post","status-publish","format-standard","hentry","category-feier","category-party","category-vorstandsinformationen","tag-rww","tag-vaddertag","tag-vorstand"],"_links":{"self":[{"href":"https:\/\/rww-bismarck.de\/index.php?rest_route=\/wp\/v2\/posts\/1745","targetHints":{"allow":["GET"]}}],"collection":[{"href":"https:\/\/rww-bismarck.de\/index.php?rest_route=\/wp\/v2\/posts"}],"about":[{"href":"https:\/\/rww-bismarck.de\/index.php?rest_route=\/wp\/v2\/types\/post"}],"author":[{"embeddable":true,"href":"https:\/\/rww-bismarck.de\/index.php?rest_route=\/wp\/v2\/users\/14"}],"replies":[{"embeddable":true,"href":"https:\/\/rww-bismarck.de\/index.php?rest_route=%2Fwp%2Fv2%2Fcomments&post=1745"}],"version-history":[{"count":1,"href":"https:\/\/rww-bismarck.de\/index.php?rest_route=\/wp\/v2\/posts\/1745\/revisions"}],"predecessor-version":[{"id":1747,"href":"https:\/\/rww-bismarck.de\/index.php?rest_route=\/wp\/v2\/posts\/1745\/revisions\/1747"}],"wp:attachment":[{"href":"https:\/\/rww-bismarck.de\/index.php?rest_route=%2Fwp%2Fv2%2Fmedia&parent=1745"}],"wp:term":[{"taxonomy":"category","embeddable":true,"href":"https:\/\/rww-bismarck.de\/index.php?rest_route=%2Fwp%2Fv2%2Fcategories&post=1745"},{"taxonomy":"post_tag","embeddable":true,"href":"https:\/\/rww-bismarck.de\/index.php?rest_route=%2Fwp%2Fv2%2Ftags&post=1745"}],"curies":[{"name":"wp","href":"https:\/\/api.w.org\/{rel}","templated":true}]}}