{"id":1703,"date":"2023-02-14T16:48:17","date_gmt":"2023-02-14T15:48:17","guid":{"rendered":"https:\/\/rww-bismarck.de\/?p=1703"},"modified":"2023-02-14T16:48:17","modified_gmt":"2023-02-14T15:48:17","slug":"500e-spenden-gesammelt","status":"publish","type":"post","link":"https:\/\/rww-bismarck.de\/?p=1703","title":{"rendered":"500\u20ac Spenden gesammelt!"},"content":{"rendered":"\n<p style=\"text-align: left;\"><span style=\"font-size: revert; color: initial;\">Danke! Viel mehr kann man eigentlich nicht sagen. Es ist unglaublich was wir am Sonntag geschafft haben.<\/span><\/p>\n<p style=\"text-align: left;\"><span style=\"font-size: revert; color: initial;\">Bei unserem &#8220;Benefizspiel&#8221; kamen ganze 500\u20ac zusammen. Sowohl der F\u00f6rderverein hat sich beteiligt als auch der Schiedsrichter Andr\u00e9 Wittfeld der auf seine Aufwandsentsch\u00e4digung und seine Fahrtkosten verzichtete. Danke an dieser Stelle auch f\u00fcr eure Mithilfe.<\/span><\/p>\n<p style=\"text-align: left;\">&nbsp;<\/p>\n<p style=\"text-align: left;\">Mit dieser Summe haben wir tats\u00e4chlich nicht gerechnet, sind aber nat\u00fcrlich sehr zufrieden und freuen uns unseren Teil zur Hilfe beizusteuern.<\/p>\n<p style=\"text-align: left;\">&nbsp;<\/p>\n<p style=\"text-align: left;\">Vielen Dank an jeden der gespendet hat!&nbsp;<\/p>\n<p style=\"text-align: left;\">&nbsp;<\/p>\n<p>&nbsp;<\/p>\n","protected":false},"excerpt":{"rendered":"<p>Danke! Viel mehr kann man eigentlich nicht sagen. Es ist unglaublich was wir am Sonntag geschafft haben. Bei unserem &#8220;Benefizspiel&#8221; kamen ganze 500\u20ac zusammen. Sowohl der F\u00f6rderverein hat sich beteiligt als auch der Schiedsrichter Andr\u00e9 Wittfeld der auf seine Aufwandsentsch\u00e4digung und seine Fahrtkosten verzichtete. Danke an dieser Stelle auch f\u00fcr eure Mithilfe. &nbsp; Mit dieser [&hellip;]<\/p>\n","protected":false},"author":14,"featured_media":0,"comment_status":"open","ping_status":"open","sticky":false,"template":"","format":"standard","meta":{"ngg_post_thumbnail":0,"footnotes":""},"categories":[5,18],"tags":[22,33],"class_list":["post-1703","post","type-post","status-publish","format-standard","hentry","category-1-mannschaft","category-vorstandsinformationen","tag-rww","tag-vorstand"],"_links":{"self":[{"href":"https:\/\/rww-bismarck.de\/index.php?rest_route=\/wp\/v2\/posts\/1703","targetHints":{"allow":["GET"]}}],"collection":[{"href":"https:\/\/rww-bismarck.de\/index.php?rest_route=\/wp\/v2\/posts"}],"about":[{"href":"https:\/\/rww-bismarck.de\/index.php?rest_route=\/wp\/v2\/types\/post"}],"author":[{"embeddable":true,"href":"https:\/\/rww-bismarck.de\/index.php?rest_route=\/wp\/v2\/users\/14"}],"replies":[{"embeddable":true,"href":"https:\/\/rww-bismarck.de\/index.php?rest_route=%2Fwp%2Fv2%2Fcomments&post=1703"}],"version-history":[{"count":1,"href":"https:\/\/rww-bismarck.de\/index.php?rest_route=\/wp\/v2\/posts\/1703\/revisions"}],"predecessor-version":[{"id":1704,"href":"https:\/\/rww-bismarck.de\/index.php?rest_route=\/wp\/v2\/posts\/1703\/revisions\/1704"}],"wp:attachment":[{"href":"https:\/\/rww-bismarck.de\/index.php?rest_route=%2Fwp%2Fv2%2Fmedia&parent=1703"}],"wp:term":[{"taxonomy":"category","embeddable":true,"href":"https:\/\/rww-bismarck.de\/index.php?rest_route=%2Fwp%2Fv2%2Fcategories&post=1703"},{"taxonomy":"post_tag","embeddable":true,"href":"https:\/\/rww-bismarck.de\/index.php?rest_route=%2Fwp%2Fv2%2Ftags&post=1703"}],"curies":[{"name":"wp","href":"https:\/\/api.w.org\/{rel}","templated":true}]}}