{"id":1696,"date":"2023-02-03T06:30:44","date_gmt":"2023-02-03T05:30:44","guid":{"rendered":"https:\/\/rww-bismarck.de\/?p=1696"},"modified":"2023-02-03T06:30:44","modified_gmt":"2023-02-03T05:30:44","slug":"vorausblick-auf-das-erste-rueckrundenduell-gegen-die-sportfreunde-bulmke-iii","status":"publish","type":"post","link":"https:\/\/rww-bismarck.de\/?p=1696","title":{"rendered":"<strong><u>Vorausblick auf das erste R\u00fcckrundenduell gegen die Sportfreunde Bulmke III<\/u><\/strong>"},"content":{"rendered":"\n<p>Die Wintervorbereitung ist vorbei, die Hinrunde ist analysiert und aufgearbeitet, der Blick richtet sich auf die kommende Aufgabe gegen die Sportfreunde Bulmke III. Am Sonntag (05.02., 17.00 Uhr) trifft RWW zum Auftakt in die R\u00fcckrunde auf der Sportanlage Plutostr. auf die Bulmker. F\u00fcr dieses Duell steht Chef-Trainer Christian Schut mehr Personal zur Verf\u00fcgung als noch zur Saisoner\u00f6ffnung im August.<\/p>\n<p>Zu den neuen Optionen z\u00e4hlen unter anderem die Winter-Verpflichtungen Kevin Felker und Thomas Parzuchowski. \u201eKevin hat die gesamte Vorbereitung Top trainiert, er macht einen guten Eindruck\u201c, sagt Schut \u00fcber den R\u00fcckkehrer von Westfalia Gelsenkirchen. \u201eEr hat Erfahrung, ein gutes Tempo, Zweikampfh\u00e4rte und ist jemand, der vielseitig einsetzbar ist\u201c, hebt Schut die St\u00e4rken des 29-J\u00e4hrigen hervor. Parzuchowski soll indes seine Erfahrung im Kampf zwischen den Pfosten der Rot-Wei\u00dfen einbringen.<\/p>\n<p>&nbsp;<\/p>\n<p>Klar ist: Gegen die Sportfreunde Bulmke wollen sich die Bismarcker anders pr\u00e4sentieren als in gro\u00dfen Teilen der Hinrunde. \u201eWir haben zwar selten ein sehr schwaches Spiel gemacht, aber haben es nie wirklich geschafft uns f\u00fcr unseren Aufwand zu belohnen\u201c, sagt Schut, der dabei auch die Eins-gegen-eins-Duelle anspricht, die in der Hinrunde zu h\u00e4ufig an den Gegner gegangen sind. \u201eDie entscheidenden Zweik\u00e4mpfe musst du gewinnen, du musst definitiv Zeichen setzen. Das ist uns nur sehr selten gelungen.\u201c<\/p>\n<p>F\u00fcr Sonntag erwartet der Trainer einen anderen Auftritt \u2013 und auch ein anderes Spiel. \u201eWir wissen, dass die Bulmker eine sehr erfahrene und abgezockte Mannschaft haben und zuletzt gute Ergebnisse erzielt haben. Es wird ein hartes St\u00fcck Arbeit\u201c, wei\u00df Schut um die St\u00e4rken des Gegners.<\/p>\n<p>&nbsp;<\/p>\n<p>Zu diesem Duell schlie\u00dft Schut Ver\u00e4nderungen in der Startelf nicht aus. Der Coach macht deutlich, dass \u201ekein Spieler unantastbar\u201c sei und sich durch das neu zur Verf\u00fcgung stehende Personal Spieler auf der Bank wiederfinden k\u00f6nnten, die in der Hinrunde vermehrt in der Startelf standen. \u201eEs geht um die Mannschaft, um Rot-Wei\u00df Wacker Bismarck. Die Besten sollen spielen\u201c, sagt Schut.<\/p>\n<p>Letzte Aufschl\u00fcsse dar\u00fcber, welche Elf er gegen Bulmke aufstellen wird, konnte der Chef-Trainer am Donnerstag (02.02.) sammeln. Um 19.30 Uhr fand das Abschlusstraining der Vorbereitung statt. Mit dieser ist Schut insgesamt zufrieden und will sich am liebsten mit drei Punkten gegen Bulmke belohnen.<\/p>\n","protected":false},"excerpt":{"rendered":"<p>Die Wintervorbereitung ist vorbei, die Hinrunde ist analysiert und aufgearbeitet, der Blick richtet sich auf die kommende Aufgabe gegen die Sportfreunde Bulmke III. Am Sonntag (05.02., 17.00 Uhr) trifft RWW zum Auftakt in die R\u00fcckrunde auf der Sportanlage Plutostr. auf die Bulmker. F\u00fcr dieses Duell steht Chef-Trainer Christian Schut mehr Personal zur Verf\u00fcgung als noch [&hellip;]<\/p>\n","protected":false},"author":14,"featured_media":0,"comment_status":"open","ping_status":"open","sticky":false,"template":"","format":"standard","meta":{"ngg_post_thumbnail":0,"footnotes":""},"categories":[5,17,18],"tags":[26,22,58],"class_list":["post-1696","post","type-post","status-publish","format-standard","hentry","category-1-mannschaft","category-spielplan","category-vorstandsinformationen","tag-erste-mannschaft","tag-rww","tag-vorbericht"],"_links":{"self":[{"href":"https:\/\/rww-bismarck.de\/index.php?rest_route=\/wp\/v2\/posts\/1696","targetHints":{"allow":["GET"]}}],"collection":[{"href":"https:\/\/rww-bismarck.de\/index.php?rest_route=\/wp\/v2\/posts"}],"about":[{"href":"https:\/\/rww-bismarck.de\/index.php?rest_route=\/wp\/v2\/types\/post"}],"author":[{"embeddable":true,"href":"https:\/\/rww-bismarck.de\/index.php?rest_route=\/wp\/v2\/users\/14"}],"replies":[{"embeddable":true,"href":"https:\/\/rww-bismarck.de\/index.php?rest_route=%2Fwp%2Fv2%2Fcomments&post=1696"}],"version-history":[{"count":1,"href":"https:\/\/rww-bismarck.de\/index.php?rest_route=\/wp\/v2\/posts\/1696\/revisions"}],"predecessor-version":[{"id":1697,"href":"https:\/\/rww-bismarck.de\/index.php?rest_route=\/wp\/v2\/posts\/1696\/revisions\/1697"}],"wp:attachment":[{"href":"https:\/\/rww-bismarck.de\/index.php?rest_route=%2Fwp%2Fv2%2Fmedia&parent=1696"}],"wp:term":[{"taxonomy":"category","embeddable":true,"href":"https:\/\/rww-bismarck.de\/index.php?rest_route=%2Fwp%2Fv2%2Fcategories&post=1696"},{"taxonomy":"post_tag","embeddable":true,"href":"https:\/\/rww-bismarck.de\/index.php?rest_route=%2Fwp%2Fv2%2Ftags&post=1696"}],"curies":[{"name":"wp","href":"https:\/\/api.w.org\/{rel}","templated":true}]}}