{"id":1674,"date":"2022-12-20T15:06:12","date_gmt":"2022-12-20T14:06:12","guid":{"rendered":"https:\/\/rww-bismarck.de\/?p=1674"},"modified":"2023-11-23T08:19:09","modified_gmt":"2023-11-23T07:19:09","slug":"bye-bye-2022-willkommen-2023","status":"publish","type":"post","link":"https:\/\/rww-bismarck.de\/?p=1674","title":{"rendered":"Bye Bye 2022 &#8212; Willkommen 2023"},"content":{"rendered":"\n<p>Liebe Vereinsmitglieder, Freunde &amp; Bekannte,&nbsp;&nbsp;<\/p>\n\n\n\n<p>Wir blicken auf ein turbulentes Jahr 2022 zur\u00fcck, welches sehr viele Tiefen und zuletzt dann aber auch sehr viele H\u00f6hen mit sich getragen hat.&nbsp; Wir haben uns von den Tiefschl\u00e4gen zu Saisonanfang erholt und blicken nun voller Euphorie auf das Rot-Weisse Fussballjahr 2023.<\/p>\n<p>Aktuell haben wir es geschafft, unsere 1. Mannschaft von 11 auf nun knappe 40 aktive Spieler aufzubauen und man kann von Woche zu Woche beobachten wie die Trainingseinheiten nun langsam auch Fr\u00fcchte tragen. Wir hatten selten einen solchen Zusammenhalt innerhalb der Mannschaft und des gesamten Vereins. Vielen Dank daf\u00fcr.&nbsp;<\/p>\n<p>Um den Spielbetrieb weiterhin aufrecht halten zu k\u00f6nnen, hat sich unsere Alte-Herren Mannschaft in diesem Jahr mit dem S.S.V Buer dazu entschlossen eine Spielgemeinschaft zu gr\u00fcnden. Dies ist gelungen und die ersten gemeinsamen Spieleinheiten so wie Feierlichkeiten haben miteinander auch einen guten Einklang gefunden!&nbsp;<\/p>\n<p>Wir w\u00fcrden uns freuen den einen oder anderen auch im kommenden Jahr wieder bei uns begr\u00fc\u00dfen zu d\u00fcrfen. (Auch gerne ehemalige Mitglieder die den Verein vielleicht auch mal wieder besuchen m\u00f6chten)<\/p>\n<p>Auch in diesem Jahr mussten wir uns leider wieder f\u00fcr immer von alten Freunden und Vereinsmitgliedern verabschieden.&nbsp;<\/p>\n<p>Umso mehr w\u00fcnschen wir euch und euren Familien ein Frohes Weihnachtsfest und einen guten Rutsch ins neue Jahr 2023!!!<\/p>\n\n\n\n<p>Weitere Informationen zwecks Saisonstart und Vorbereitungen werden in den n\u00e4chsten Tagen bekannt gegeben.&nbsp;<\/p>\n<p>Gl\u00fcck Auf&nbsp;<\/p>\n<p>Der Vorstand&nbsp;<\/p>\n","protected":false},"excerpt":{"rendered":"<p>Liebe Vereinsmitglieder, Freunde &amp; Bekannte,&nbsp;&nbsp; Wir blicken auf ein turbulentes Jahr 2022 zur\u00fcck, welches sehr viele Tiefen und zuletzt dann aber auch sehr viele H\u00f6hen mit sich getragen hat.&nbsp; Wir haben uns von den Tiefschl\u00e4gen zu Saisonanfang erholt und blicken nun voller Euphorie auf das Rot-Weisse Fussballjahr 2023. Aktuell haben wir es geschafft, unsere 1. [&hellip;]<\/p>\n","protected":false},"author":14,"featured_media":0,"comment_status":"open","ping_status":"open","sticky":false,"template":"","format":"standard","meta":{"ngg_post_thumbnail":0,"footnotes":""},"categories":[5,18],"tags":[],"class_list":["post-1674","post","type-post","status-publish","format-standard","hentry","category-1-mannschaft","category-vorstandsinformationen"],"_links":{"self":[{"href":"https:\/\/rww-bismarck.de\/index.php?rest_route=\/wp\/v2\/posts\/1674","targetHints":{"allow":["GET"]}}],"collection":[{"href":"https:\/\/rww-bismarck.de\/index.php?rest_route=\/wp\/v2\/posts"}],"about":[{"href":"https:\/\/rww-bismarck.de\/index.php?rest_route=\/wp\/v2\/types\/post"}],"author":[{"embeddable":true,"href":"https:\/\/rww-bismarck.de\/index.php?rest_route=\/wp\/v2\/users\/14"}],"replies":[{"embeddable":true,"href":"https:\/\/rww-bismarck.de\/index.php?rest_route=%2Fwp%2Fv2%2Fcomments&post=1674"}],"version-history":[{"count":3,"href":"https:\/\/rww-bismarck.de\/index.php?rest_route=\/wp\/v2\/posts\/1674\/revisions"}],"predecessor-version":[{"id":1683,"href":"https:\/\/rww-bismarck.de\/index.php?rest_route=\/wp\/v2\/posts\/1674\/revisions\/1683"}],"wp:attachment":[{"href":"https:\/\/rww-bismarck.de\/index.php?rest_route=%2Fwp%2Fv2%2Fmedia&parent=1674"}],"wp:term":[{"taxonomy":"category","embeddable":true,"href":"https:\/\/rww-bismarck.de\/index.php?rest_route=%2Fwp%2Fv2%2Fcategories&post=1674"},{"taxonomy":"post_tag","embeddable":true,"href":"https:\/\/rww-bismarck.de\/index.php?rest_route=%2Fwp%2Fv2%2Ftags&post=1674"}],"curies":[{"name":"wp","href":"https:\/\/api.w.org\/{rel}","templated":true}]}}