{"id":1631,"date":"2022-08-01T06:30:56","date_gmt":"2022-08-01T05:30:56","guid":{"rendered":"https:\/\/rww-bismarck.de\/?p=1631"},"modified":"2022-08-01T06:30:56","modified_gmt":"2022-08-01T05:30:56","slug":"spielplan-der-saison-2022-2023-veroeffentlich","status":"publish","type":"post","link":"https:\/\/rww-bismarck.de\/?p=1631","title":{"rendered":"Spielplan der Saison 2022\/2023 ver\u00f6ffentlich"},"content":{"rendered":"\n\n\n<p><em>Start gegen Drittvertretung der Sportfreunde Bulmke. Bismarck-Derby am 4. Spieltag<\/em><\/p>\n<p>Der Spielplan f\u00fcr die kommende Kreisliga C-Saison wurde ver\u00f6ffentlich. F\u00fcr RWW geht es zum Start auf der heimischen Asche gegen die Drittvertretung der Sportfreunde Bulmke um einen erfolgreichen Start in die Saison.<\/p>\n<p>Auch interessant beim Blick auf den Spielplan: Das Bismarck-Derby gegen die zweite von ETuS Bismarck steigt am 4. Spieltag am Trinenkamp.<\/p>\n<p>\u00a0<\/p>\n<p>Die Paarungen der Hinrunde in der \u00dcbersicht:<\/p>\n<p>14.08 RWW &#8211; Bulmke III (15Uhr)<\/p>\n<p>21.08. Neustadt II &#8211; RWW (13 Uhr)<\/p>\n<p>28.08. RWW &#8211; Eintracht GE II (15 Uhr)<\/p>\n<p>04.09. ETuS Bismarck &#8211; RWW (13:15 Uhr)<\/p>\n<p>11.09. RWW &#8211; Feldmark II (15 Uhr)<\/p>\n<p>18.09. \u00dcckendorf II &#8211; RWW (13:15 Uhr)<\/p>\n<p>25.09. RWW &#8211; Westf. Buer II (15 Uhr)<\/p>\n<p>02.10. Westf. Schalke &#8211; RWW (13 Uhr)<\/p>\n<p>09.10. RWW &#8211; SW GE-S\u00fcd (15 Uhr)<\/p>\n<p>16.10. Hessler III &#8211; RWW (13:15 Uhr)<\/p>\n<p>23.10 RWW &#8211; Resse 08 II (15 Uhr)<\/p>\n<p>30.10. ETuS GE II &#8211; RWW (13 Uhr)<\/p>\n<p>06.11 RWW &#8211; Firtinaspor II (14:30 Uhr)<\/p>\n<p>13.11. VfB GE II &#8211; RWW (12:30 Uhr)<\/p>\n<p>27.11. RWW &#8211; Teutonia Schalke II (14:30 Uhr)<\/p>\n<p>04.12. Genclerbirligi Resse II &#8211; RWW (12:45 Uhr)<\/p>\n<p>11.12 RWW &#8211; BW GE II (14:30 Uhr)<\/p>\n<p>\u00a0<\/p>\n<p>Eine genau Auflistung f\u00fcr die R\u00fcckrunde erfolgt zu gegebener Zeit!<\/p>\n<p>\u00a0<\/p>\n","protected":false},"excerpt":{"rendered":"<p>Start gegen Drittvertretung der Sportfreunde Bulmke. Bismarck-Derby am 4. Spieltag Der Spielplan f\u00fcr die kommende Kreisliga C-Saison wurde ver\u00f6ffentlich. F\u00fcr RWW geht es zum Start auf der heimischen Asche gegen die Drittvertretung der Sportfreunde Bulmke um einen erfolgreichen Start in die Saison. Auch interessant beim Blick auf den Spielplan: Das Bismarck-Derby gegen die zweite von [&hellip;]<\/p>\n","protected":false},"author":13,"featured_media":0,"comment_status":"open","ping_status":"open","sticky":false,"template":"","format":"standard","meta":{"ngg_post_thumbnail":0,"footnotes":""},"categories":[5,17],"tags":[26,22,52],"class_list":["post-1631","post","type-post","status-publish","format-standard","hentry","category-1-mannschaft","category-spielplan","tag-erste-mannschaft","tag-rww","tag-spielplan"],"_links":{"self":[{"href":"https:\/\/rww-bismarck.de\/index.php?rest_route=\/wp\/v2\/posts\/1631","targetHints":{"allow":["GET"]}}],"collection":[{"href":"https:\/\/rww-bismarck.de\/index.php?rest_route=\/wp\/v2\/posts"}],"about":[{"href":"https:\/\/rww-bismarck.de\/index.php?rest_route=\/wp\/v2\/types\/post"}],"author":[{"embeddable":true,"href":"https:\/\/rww-bismarck.de\/index.php?rest_route=\/wp\/v2\/users\/13"}],"replies":[{"embeddable":true,"href":"https:\/\/rww-bismarck.de\/index.php?rest_route=%2Fwp%2Fv2%2Fcomments&post=1631"}],"version-history":[{"count":1,"href":"https:\/\/rww-bismarck.de\/index.php?rest_route=\/wp\/v2\/posts\/1631\/revisions"}],"predecessor-version":[{"id":1632,"href":"https:\/\/rww-bismarck.de\/index.php?rest_route=\/wp\/v2\/posts\/1631\/revisions\/1632"}],"wp:attachment":[{"href":"https:\/\/rww-bismarck.de\/index.php?rest_route=%2Fwp%2Fv2%2Fmedia&parent=1631"}],"wp:term":[{"taxonomy":"category","embeddable":true,"href":"https:\/\/rww-bismarck.de\/index.php?rest_route=%2Fwp%2Fv2%2Fcategories&post=1631"},{"taxonomy":"post_tag","embeddable":true,"href":"https:\/\/rww-bismarck.de\/index.php?rest_route=%2Fwp%2Fv2%2Ftags&post=1631"}],"curies":[{"name":"wp","href":"https:\/\/api.w.org\/{rel}","templated":true}]}}