{"id":1619,"date":"2022-06-14T09:40:46","date_gmt":"2022-06-14T08:40:46","guid":{"rendered":"https:\/\/rww-bismarck.de\/?p=1619"},"modified":"2022-06-22T05:48:01","modified_gmt":"2022-06-22T04:48:01","slug":"manuel-siegmund-frank-brandenburger-und-armin-wienczek-offiziell-verabschiedet","status":"publish","type":"post","link":"https:\/\/rww-bismarck.de\/?p=1619","title":{"rendered":"Manuel Siegmund, Frank Brandenburger und Armin Wienczek offiziell verabschiedet\u00a0"},"content":{"rendered":"\n<p><em>Nach dem Heimspiel am Montag gegen die Sportfreunde Haverkamp (06.06.) wurden Manuel Siegmund, Armin Wienczek und Frank Brandenburger offiziell verabschiedet. Das Trio wird seine Karriere beenden.<\/em>\u00a0<\/p>\n<p>\u00a0<\/p>\n<p><img loading=\"lazy\" decoding=\"async\" class=\"alignnone size-medium wp-image-1616\" src=\"https:\/\/rww-bismarck.de\/wp-content\/uploads\/2022\/06\/IMG_20220606_213311_046-300x300.webp\" alt=\"\" width=\"300\" height=\"300\" srcset=\"https:\/\/rww-bismarck.de\/wp-content\/uploads\/2022\/06\/IMG_20220606_213311_046-300x300.webp 300w, https:\/\/rww-bismarck.de\/wp-content\/uploads\/2022\/06\/IMG_20220606_213311_046-1024x1024.webp 1024w, https:\/\/rww-bismarck.de\/wp-content\/uploads\/2022\/06\/IMG_20220606_213311_046-150x150.webp 150w, https:\/\/rww-bismarck.de\/wp-content\/uploads\/2022\/06\/IMG_20220606_213311_046-768x768.webp 768w, https:\/\/rww-bismarck.de\/wp-content\/uploads\/2022\/06\/IMG_20220606_213311_046-425x425.webp 425w, https:\/\/rww-bismarck.de\/wp-content\/uploads\/2022\/06\/IMG_20220606_213311_046.webp 1080w\" sizes=\"auto, (max-width: 300px) 100vw, 300px\" \/><\/p>\n<p>\u00a0<\/p>\n<p>Direkt nach dem Abpfiff der Partie richtete Dominic Czajkowski ein paar Worte an die drei und \u00fcbergab anschlie\u00dfend mit Marius Felker und Florian Brandenburger Pr\u00e4sente an Manuel Siegmund, Frank Brandenburger und Armin Wienczek. Dabei dankten sie den scheidenden Kickern f\u00fcr ihren Einsatz und erkl\u00e4rten zudem, dass sie stets an der Reckfeldroad willkommen seien.\u00a0<\/p>\n<p>Wir, der ganze Verein und der Vorstand von RWW, w\u00fcnschen euch f\u00fcr die Zeit au\u00dferhalb der Roten Asche alles erdenklich Gute und danken euch f\u00fcr alles was ihr f\u00fcr diesen Verein gegeben habt!<\/p>\n<p><img loading=\"lazy\" decoding=\"async\" class=\"alignnone size-medium wp-image-1617\" src=\"https:\/\/rww-bismarck.de\/wp-content\/uploads\/2022\/06\/IMG_20220606_213311_782-300x300.webp\" alt=\"\" width=\"300\" height=\"300\" srcset=\"https:\/\/rww-bismarck.de\/wp-content\/uploads\/2022\/06\/IMG_20220606_213311_782-300x300.webp 300w, https:\/\/rww-bismarck.de\/wp-content\/uploads\/2022\/06\/IMG_20220606_213311_782-1024x1024.webp 1024w, https:\/\/rww-bismarck.de\/wp-content\/uploads\/2022\/06\/IMG_20220606_213311_782-150x150.webp 150w, https:\/\/rww-bismarck.de\/wp-content\/uploads\/2022\/06\/IMG_20220606_213311_782-768x768.webp 768w, https:\/\/rww-bismarck.de\/wp-content\/uploads\/2022\/06\/IMG_20220606_213311_782-425x425.webp 425w, https:\/\/rww-bismarck.de\/wp-content\/uploads\/2022\/06\/IMG_20220606_213311_782.webp 1080w\" sizes=\"auto, (max-width: 300px) 100vw, 300px\" \/><\/p>\n\n\n","protected":false},"excerpt":{"rendered":"<p>Nach dem Heimspiel am Montag gegen die Sportfreunde Haverkamp (06.06.) wurden Manuel Siegmund, Armin Wienczek und Frank Brandenburger offiziell verabschiedet. Das Trio wird seine Karriere beenden.\u00a0 \u00a0 \u00a0 Direkt nach dem Abpfiff der Partie richtete Dominic Czajkowski ein paar Worte an die drei und \u00fcbergab anschlie\u00dfend mit Marius Felker und Florian Brandenburger Pr\u00e4sente an Manuel [&hellip;]<\/p>\n","protected":false},"author":13,"featured_media":0,"comment_status":"open","ping_status":"open","sticky":false,"template":"","format":"standard","meta":{"ngg_post_thumbnail":0,"footnotes":""},"categories":[5,18],"tags":[45,47,26,46,22,48,49],"class_list":["post-1619","post","type-post","status-publish","format-standard","hentry","category-1-mannschaft","category-vorstandsinformationen","tag-abschied","tag-brandenburger","tag-erste-mannschaft","tag-karrierende","tag-rww","tag-siegmund","tag-wienczek"],"_links":{"self":[{"href":"https:\/\/rww-bismarck.de\/index.php?rest_route=\/wp\/v2\/posts\/1619","targetHints":{"allow":["GET"]}}],"collection":[{"href":"https:\/\/rww-bismarck.de\/index.php?rest_route=\/wp\/v2\/posts"}],"about":[{"href":"https:\/\/rww-bismarck.de\/index.php?rest_route=\/wp\/v2\/types\/post"}],"author":[{"embeddable":true,"href":"https:\/\/rww-bismarck.de\/index.php?rest_route=\/wp\/v2\/users\/13"}],"replies":[{"embeddable":true,"href":"https:\/\/rww-bismarck.de\/index.php?rest_route=%2Fwp%2Fv2%2Fcomments&post=1619"}],"version-history":[{"count":2,"href":"https:\/\/rww-bismarck.de\/index.php?rest_route=\/wp\/v2\/posts\/1619\/revisions"}],"predecessor-version":[{"id":1623,"href":"https:\/\/rww-bismarck.de\/index.php?rest_route=\/wp\/v2\/posts\/1619\/revisions\/1623"}],"wp:attachment":[{"href":"https:\/\/rww-bismarck.de\/index.php?rest_route=%2Fwp%2Fv2%2Fmedia&parent=1619"}],"wp:term":[{"taxonomy":"category","embeddable":true,"href":"https:\/\/rww-bismarck.de\/index.php?rest_route=%2Fwp%2Fv2%2Fcategories&post=1619"},{"taxonomy":"post_tag","embeddable":true,"href":"https:\/\/rww-bismarck.de\/index.php?rest_route=%2Fwp%2Fv2%2Ftags&post=1619"}],"curies":[{"name":"wp","href":"https:\/\/api.w.org\/{rel}","templated":true}]}}