{"id":1581,"date":"2022-05-14T11:30:28","date_gmt":"2022-05-14T10:30:28","guid":{"rendered":"https:\/\/rww-bismarck.de\/?p=1581"},"modified":"2022-05-14T11:30:28","modified_gmt":"2022-05-14T10:30:28","slug":"am-26-05-findet-nach-drei-jahren-endlich-wieder-der-rww-vaddertag-statt","status":"publish","type":"post","link":"https:\/\/rww-bismarck.de\/?p=1581","title":{"rendered":"Am 26.05 findet nach drei Jahren endlich wieder der &#8220;RWW-Vaddertag&#8221; statt!"},"content":{"rendered":"\n<p>RWW l\u00e4dt nach drei Jahren endlich wieder herzlich zur j\u00e4hrlichen Vaddertags-Feier an der Reckfeldroad ein! Alle Vereinsmitglieder, ehemalige und Angeh\u00f6rige sind herzlich eingeladen vorbeizuschauen und einen Tag gemeinsam zu feiern und eine sch\u00f6ne Zeit zu haben!<\/p>\n<p>Start ist um 11 Uhr! Es wird Nagelschlagen und Torwandschie\u00dfen m\u00f6glich sein!<\/p>\n<p>Wir freuen uns auf euch! Der Grill \u00fcbrigens auch \ud83d\ude09<\/p>\n<p><img loading=\"lazy\" decoding=\"async\" class=\"alignnone size-medium wp-image-1582\" src=\"https:\/\/rww-bismarck.de\/wp-content\/uploads\/2022\/05\/IMG-20220511-WA0014-212x300.jpg\" alt=\"\" width=\"212\" height=\"300\" srcset=\"https:\/\/rww-bismarck.de\/wp-content\/uploads\/2022\/05\/IMG-20220511-WA0014-212x300.jpg 212w, https:\/\/rww-bismarck.de\/wp-content\/uploads\/2022\/05\/IMG-20220511-WA0014-724x1024.jpg 724w, https:\/\/rww-bismarck.de\/wp-content\/uploads\/2022\/05\/IMG-20220511-WA0014-768x1086.jpg 768w, https:\/\/rww-bismarck.de\/wp-content\/uploads\/2022\/05\/IMG-20220511-WA0014-1086x1536.jpg 1086w, https:\/\/rww-bismarck.de\/wp-content\/uploads\/2022\/05\/IMG-20220511-WA0014-389x550.jpg 389w, https:\/\/rww-bismarck.de\/wp-content\/uploads\/2022\/05\/IMG-20220511-WA0014.jpg 1131w\" sizes=\"auto, (max-width: 212px) 100vw, 212px\" \/><\/p>\n<p>\u00a0<\/p>\n","protected":false},"excerpt":{"rendered":"<p>RWW l\u00e4dt nach drei Jahren endlich wieder herzlich zur j\u00e4hrlichen Vaddertags-Feier an der Reckfeldroad ein! Alle Vereinsmitglieder, ehemalige und Angeh\u00f6rige sind herzlich eingeladen vorbeizuschauen und einen Tag gemeinsam zu feiern und eine sch\u00f6ne Zeit zu haben! Start ist um 11 Uhr! Es wird Nagelschlagen und Torwandschie\u00dfen m\u00f6glich sein! Wir freuen uns auf euch! Der Grill [&hellip;]<\/p>\n","protected":false},"author":13,"featured_media":0,"comment_status":"open","ping_status":"open","sticky":false,"template":"","format":"standard","meta":{"ngg_post_thumbnail":0,"footnotes":""},"categories":[1],"tags":[26,22,37,33],"class_list":["post-1581","post","type-post","status-publish","format-standard","hentry","category-uncategorized","tag-erste-mannschaft","tag-rww","tag-vaddertag","tag-vorstand"],"_links":{"self":[{"href":"https:\/\/rww-bismarck.de\/index.php?rest_route=\/wp\/v2\/posts\/1581","targetHints":{"allow":["GET"]}}],"collection":[{"href":"https:\/\/rww-bismarck.de\/index.php?rest_route=\/wp\/v2\/posts"}],"about":[{"href":"https:\/\/rww-bismarck.de\/index.php?rest_route=\/wp\/v2\/types\/post"}],"author":[{"embeddable":true,"href":"https:\/\/rww-bismarck.de\/index.php?rest_route=\/wp\/v2\/users\/13"}],"replies":[{"embeddable":true,"href":"https:\/\/rww-bismarck.de\/index.php?rest_route=%2Fwp%2Fv2%2Fcomments&post=1581"}],"version-history":[{"count":1,"href":"https:\/\/rww-bismarck.de\/index.php?rest_route=\/wp\/v2\/posts\/1581\/revisions"}],"predecessor-version":[{"id":1583,"href":"https:\/\/rww-bismarck.de\/index.php?rest_route=\/wp\/v2\/posts\/1581\/revisions\/1583"}],"wp:attachment":[{"href":"https:\/\/rww-bismarck.de\/index.php?rest_route=%2Fwp%2Fv2%2Fmedia&parent=1581"}],"wp:term":[{"taxonomy":"category","embeddable":true,"href":"https:\/\/rww-bismarck.de\/index.php?rest_route=%2Fwp%2Fv2%2Fcategories&post=1581"},{"taxonomy":"post_tag","embeddable":true,"href":"https:\/\/rww-bismarck.de\/index.php?rest_route=%2Fwp%2Fv2%2Ftags&post=1581"}],"curies":[{"name":"wp","href":"https:\/\/api.w.org\/{rel}","templated":true}]}}