{"id":1578,"date":"2022-05-14T11:22:10","date_gmt":"2022-05-14T10:22:10","guid":{"rendered":"https:\/\/rww-bismarck.de\/?p=1578"},"modified":"2022-05-14T11:22:10","modified_gmt":"2022-05-14T10:22:10","slug":"wir-nehmen-wieder-an-scheine-fuer-vereine-von-rewe-teil","status":"publish","type":"post","link":"https:\/\/rww-bismarck.de\/?p=1578","title":{"rendered":"Wir nehmen wieder an &#8220;Scheine f\u00fcr Vereine&#8221; von REWE teil!"},"content":{"rendered":"\n<p>Es hei\u00dft wieder Scheine f\u00fcr Vereine!<br \/><br \/>Ab jetzt k\u00f6nnt ihr also wieder in eurem REWE-Markt Scheine sammeln und online auf rewe.de\/scheinef\u00fcrvereine unserem Verein zuordnen! Wir sind dort unter RW Wacker Bismarck zu finden!<\/p>\n<p>Danke im Voraus f\u00fcr jede Unterst\u00fctzung!<\/p>\n<p><img loading=\"lazy\" decoding=\"async\" class=\"alignnone size-medium wp-image-1579\" src=\"https:\/\/rww-bismarck.de\/wp-content\/uploads\/2022\/05\/IMG_20220430_073112_743-300x300.jpg\" alt=\"\" width=\"300\" height=\"300\" srcset=\"https:\/\/rww-bismarck.de\/wp-content\/uploads\/2022\/05\/IMG_20220430_073112_743-300x300.jpg 300w, https:\/\/rww-bismarck.de\/wp-content\/uploads\/2022\/05\/IMG_20220430_073112_743-1024x1024.jpg 1024w, https:\/\/rww-bismarck.de\/wp-content\/uploads\/2022\/05\/IMG_20220430_073112_743-150x150.jpg 150w, https:\/\/rww-bismarck.de\/wp-content\/uploads\/2022\/05\/IMG_20220430_073112_743-768x768.jpg 768w, https:\/\/rww-bismarck.de\/wp-content\/uploads\/2022\/05\/IMG_20220430_073112_743-425x425.jpg 425w, https:\/\/rww-bismarck.de\/wp-content\/uploads\/2022\/05\/IMG_20220430_073112_743.jpg 1080w\" sizes=\"auto, (max-width: 300px) 100vw, 300px\" \/><\/p>\n<p>\u00a0<\/p>\n","protected":false},"excerpt":{"rendered":"<p>Es hei\u00dft wieder Scheine f\u00fcr Vereine! Ab jetzt k\u00f6nnt ihr also wieder in eurem REWE-Markt Scheine sammeln und online auf rewe.de\/scheinef\u00fcrvereine unserem Verein zuordnen! Wir sind dort unter RW Wacker Bismarck zu finden! Danke im Voraus f\u00fcr jede Unterst\u00fctzung! \u00a0<\/p>\n","protected":false},"author":13,"featured_media":0,"comment_status":"open","ping_status":"open","sticky":false,"template":"","format":"standard","meta":{"ngg_post_thumbnail":0,"footnotes":""},"categories":[1],"tags":[26,35,22,34,36,33],"class_list":["post-1578","post","type-post","status-publish","format-standard","hentry","category-uncategorized","tag-erste-mannschaft","tag-fuer","tag-rww","tag-scheine","tag-vereine","tag-vorstand"],"_links":{"self":[{"href":"https:\/\/rww-bismarck.de\/index.php?rest_route=\/wp\/v2\/posts\/1578","targetHints":{"allow":["GET"]}}],"collection":[{"href":"https:\/\/rww-bismarck.de\/index.php?rest_route=\/wp\/v2\/posts"}],"about":[{"href":"https:\/\/rww-bismarck.de\/index.php?rest_route=\/wp\/v2\/types\/post"}],"author":[{"embeddable":true,"href":"https:\/\/rww-bismarck.de\/index.php?rest_route=\/wp\/v2\/users\/13"}],"replies":[{"embeddable":true,"href":"https:\/\/rww-bismarck.de\/index.php?rest_route=%2Fwp%2Fv2%2Fcomments&post=1578"}],"version-history":[{"count":1,"href":"https:\/\/rww-bismarck.de\/index.php?rest_route=\/wp\/v2\/posts\/1578\/revisions"}],"predecessor-version":[{"id":1580,"href":"https:\/\/rww-bismarck.de\/index.php?rest_route=\/wp\/v2\/posts\/1578\/revisions\/1580"}],"wp:attachment":[{"href":"https:\/\/rww-bismarck.de\/index.php?rest_route=%2Fwp%2Fv2%2Fmedia&parent=1578"}],"wp:term":[{"taxonomy":"category","embeddable":true,"href":"https:\/\/rww-bismarck.de\/index.php?rest_route=%2Fwp%2Fv2%2Fcategories&post=1578"},{"taxonomy":"post_tag","embeddable":true,"href":"https:\/\/rww-bismarck.de\/index.php?rest_route=%2Fwp%2Fv2%2Ftags&post=1578"}],"curies":[{"name":"wp","href":"https:\/\/api.w.org\/{rel}","templated":true}]}}