{"id":1565,"date":"2022-05-11T07:56:38","date_gmt":"2022-05-11T06:56:38","guid":{"rendered":"https:\/\/rww-bismarck.de\/?p=1565"},"modified":"2022-05-11T07:58:52","modified_gmt":"2022-05-11T06:58:52","slug":"benjamin-salitz-zum-1-vorsitzenden-gewaehlt-peter-schut-und-florian-brandenburger-ruecken-in-die-geschaeftsfuehrung-auf","status":"publish","type":"post","link":"https:\/\/rww-bismarck.de\/?p=1565","title":{"rendered":"Benjamin Salitz zum 1. Vorsitzenden gew\u00e4hlt, Peter Schut und Florian Brandenburger r\u00fccken in die Gesch\u00e4ftsf\u00fchrung auf"},"content":{"rendered":"\n<p><em>Die Mitglieder von Rot-Wei\u00df Wacker Bismarck haben am Freitag den 06.05.2022 Benjamin Salitz zum neuen 1. Vorsitzenden gew\u00e4hlt. Neben Uwe Gla\u00df als 2. Vorsitzenden wurden auch Peter Schut und Florian Brandenburger von den Mitgliedern in die Gesch\u00e4ftsf\u00fchrung gew\u00e4hlt.<\/em><\/p>\n<p>Benjamin Salitz (35) ist seit 3 Jahren im Vorstand von Rot-Wei\u00df t\u00e4tig. Bisher war der vorherige Spieler der zweiten Mannschaft als 1. Gesch\u00e4ftsf\u00fchrer t\u00e4tig und wurde am Freitag einstimmig zum neuen 1. Vorsitzenden gew\u00e4hlt. Gro\u00dfer Dank gilt an dieser Stelle nat\u00fcrlich auch dem bisherigen und jahrelangen 1. Vorsitzenden G\u00fcnter Rossetto.<\/p>\n<p>Mit Uwe Gla\u00df als 2. Vorsitzender und Peter Schut als ersten sowie Florian Brandenburger als zweiten Gesch\u00e4ftsf\u00fchrer wird der Vorstand vervollst\u00e4ndigt.<\/p>\n<p>Auch der erste Kassierer wurde am Freitag bei Rot-Wei\u00df neu gew\u00e4hlt.\u00a0 Frank Brandenburger wird das Amt ab sofort \u00fcbernehmen. Udo Wiedemann wird das Amt des zweiten Kassierers \u00fcbernehmen.<\/p>\n<p>Die Leitung des Social-Media-Bereichs beh\u00e4lt Florian Brandenburger zus\u00e4tzlich inne, wird dabei aber von Marc Janik (21) und Felix Sokolowski (18), beide erst seit Anfang April bei Rot-Wei\u00df, unterst\u00fctzt.<\/p>\n<p>Salitz selbst blickt mit Vorfreude auf seine neue Aufgabe: \u201eIn meinen bisherigen drei Jahren im Vorstand von RWW habe ich den Verein sehr umfassend und intensiv kennenlernen d\u00fcrfen und wei\u00df, was die Spieler und Mitglieder bewegt und interessiert. Zusammen mit Uwe Gla\u00df und dem restlichen Vorstand will ich nun alles daf\u00fcr tun, dass wir unsere Kr\u00e4fte b\u00fcndeln, um gemeinsam eine erfolgreichere Zukunft von Rot-Wei\u00df Wacker zu gestalten und unser gro\u00dfes Ziel &#8220;100 Jahre RWW&#8221; zu erreichen. Erste wichtige Schritte auf diesem Weg sind wir in den vergangenen Tagen bereits gegangen.\u201c<\/p>\n","protected":false},"excerpt":{"rendered":"<p>Die Mitglieder von Rot-Wei\u00df Wacker Bismarck haben am Freitag den 06.05.2022 Benjamin Salitz zum neuen 1. Vorsitzenden gew\u00e4hlt. Neben Uwe Gla\u00df als 2. Vorsitzenden wurden auch Peter Schut und Florian Brandenburger von den Mitgliedern in die Gesch\u00e4ftsf\u00fchrung gew\u00e4hlt. Benjamin Salitz (35) ist seit 3 Jahren im Vorstand von Rot-Wei\u00df t\u00e4tig. Bisher war der vorherige Spieler [&hellip;]<\/p>\n","protected":false},"author":13,"featured_media":0,"comment_status":"open","ping_status":"open","sticky":false,"template":"","format":"standard","meta":{"ngg_post_thumbnail":0,"footnotes":""},"categories":[5,18],"tags":[30,20,22,28,29],"class_list":["post-1565","post","type-post","status-publish","format-standard","hentry","category-1-mannschaft","category-vorstandsinformationen","tag-geschaeftsfuehrer","tag-mitgliederversammlung","tag-rww","tag-salitz","tag-vorsitzender"],"_links":{"self":[{"href":"https:\/\/rww-bismarck.de\/index.php?rest_route=\/wp\/v2\/posts\/1565","targetHints":{"allow":["GET"]}}],"collection":[{"href":"https:\/\/rww-bismarck.de\/index.php?rest_route=\/wp\/v2\/posts"}],"about":[{"href":"https:\/\/rww-bismarck.de\/index.php?rest_route=\/wp\/v2\/types\/post"}],"author":[{"embeddable":true,"href":"https:\/\/rww-bismarck.de\/index.php?rest_route=\/wp\/v2\/users\/13"}],"replies":[{"embeddable":true,"href":"https:\/\/rww-bismarck.de\/index.php?rest_route=%2Fwp%2Fv2%2Fcomments&post=1565"}],"version-history":[{"count":6,"href":"https:\/\/rww-bismarck.de\/index.php?rest_route=\/wp\/v2\/posts\/1565\/revisions"}],"predecessor-version":[{"id":1571,"href":"https:\/\/rww-bismarck.de\/index.php?rest_route=\/wp\/v2\/posts\/1565\/revisions\/1571"}],"wp:attachment":[{"href":"https:\/\/rww-bismarck.de\/index.php?rest_route=%2Fwp%2Fv2%2Fmedia&parent=1565"}],"wp:term":[{"taxonomy":"category","embeddable":true,"href":"https:\/\/rww-bismarck.de\/index.php?rest_route=%2Fwp%2Fv2%2Fcategories&post=1565"},{"taxonomy":"post_tag","embeddable":true,"href":"https:\/\/rww-bismarck.de\/index.php?rest_route=%2Fwp%2Fv2%2Ftags&post=1565"}],"curies":[{"name":"wp","href":"https:\/\/api.w.org\/{rel}","templated":true}]}}