{"id":1517,"date":"2022-03-09T07:06:41","date_gmt":"2022-03-09T06:06:41","guid":{"rendered":"https:\/\/rww-bismarck.de\/?p=1517"},"modified":"2022-04-26T12:51:27","modified_gmt":"2022-04-26T11:51:27","slug":"ordentliche-mitgliederversammlung-rww-bismarck-am-08-04-2022","status":"publish","type":"post","link":"https:\/\/rww-bismarck.de\/?p=1517","title":{"rendered":"Ordentliche Mitgliederversammlung RWW Bismarck am 06.05.2022"},"content":{"rendered":"\n<h3>Einladung zur ordentlichen Mitgliederversammlung von RWW Bismarck<\/h3>\n<p>Hiermit l\u00e4dt der Vorstand von Rot-Wei\u00df Wacker Bismarck seine Mitglieder zu seiner ordentlichen Mitgliederversammlung am 06.05.22 um 19 Uhr im Vereinsheim auf der Sportanlage Reckfeldstr. ein.<\/p>\n<p>Es gilt die 3G-Regel und eine Maskenpflicht bis zum Sitzplatz!<\/p>\n<p>\u00a0<\/p>\n<p>Tagesordnung:<\/p>\n<p>\u00a0<\/p>\n<p><strong><u>Tagesordnung der ordentlichen Mitgliederversammlung 08.04.2022<\/u><\/strong><\/p>\n<p>\u00a0<\/p>\n<ol>\n<li>Er\u00f6ffnung und Begr\u00fc\u00dfung<\/li>\n<li>Wahl des Protokollf\u00fchrers\/der Protokollf\u00fchrerin<\/li>\n<li>Feststellung der ordnungsgem\u00e4\u00dfen Einladung<\/li>\n<li>Feststellung der stimmberechtigten Mitglieder<\/li>\n<li>Erg\u00e4nzung\/Genehmigung der Tagesordnung<\/li>\n<li>Protokoll der letzten Mitgliederversammlung<\/li>\n<\/ol>\n<p>\u00a0<\/p>\n<ol start=\"7\">\n<li>Berichte des Vorstands<\/li>\n<\/ol>\n<p>\u00a0<\/p>\n<ul style=\"list-style-type: circle\">\n<li>T\u00e4tigkeitsbericht des Vorstands<\/li>\n<li>Bericht des Kassierers<\/li>\n<li>Bericht der Kassenpr\u00fcfung<\/li>\n<\/ul>\n<p>\u00a0<\/p>\n<ol start=\"8\">\n<li>Aussprache \u00fcber die Berichte<\/li>\n<li>Wahl eines Versammlungsleiters<\/li>\n<li>Entlastung des Vorstands<\/li>\n<li>Neuwahl des Vorstands<\/li>\n<\/ol>\n<ul style=\"list-style-type: circle\">\n<li>1. Vorsitzender<\/li>\n<li>2. Vorsitzender<\/li>\n<li>1. Gesch\u00e4ftsf\u00fchrer<\/li>\n<li>2. Gesch\u00e4ftsf\u00fchrer<\/li>\n<li>1. Kassierer<\/li>\n<li>2. Kassierer<\/li>\n<li>Abteilungsleiter Senioren<\/li>\n<li>Abteilungsleiter Altherren<\/li>\n<\/ul>\n<p>\u00a0<\/p>\n<ol start=\"12\">\n<li>Satzungsgem\u00e4\u00df gestellte Antr\u00e4ge<\/li>\n<li>Verschiedenes<\/li>\n<li>Schlusswort des Vorsitzenden<\/li>\n<\/ol>\n<p>\u00a0<\/p>\n<p>\u00a0<\/p>\n<p>\u00a0<\/p>\n<p>Der gesamte Vorstand von Rot-Wei\u00df Wacker Bismarck freut sich \u00fcber rege Teilnahme!<\/p>\n<p>\u00a0<\/p>\n<p>\u00a0<\/p>\n<p>\u00a0<\/p>\n<p>\u00a0<\/p>\n<p>\u00a0<\/p>\n<p>\u00a0<\/p>\n<p>\u00a0<\/p>\n","protected":false},"excerpt":{"rendered":"<p>Einladung zur ordentlichen Mitgliederversammlung von RWW Bismarck Hiermit l\u00e4dt der Vorstand von Rot-Wei\u00df Wacker Bismarck seine Mitglieder zu seiner ordentlichen Mitgliederversammlung am 06.05.22 um 19 Uhr im Vereinsheim auf der Sportanlage Reckfeldstr. ein. Es gilt die 3G-Regel und eine Maskenpflicht bis zum Sitzplatz! \u00a0 Tagesordnung: \u00a0 Tagesordnung der ordentlichen Mitgliederversammlung 08.04.2022 \u00a0 Er\u00f6ffnung und Begr\u00fc\u00dfung [&hellip;]<\/p>\n","protected":false},"author":13,"featured_media":0,"comment_status":"open","ping_status":"open","sticky":false,"template":"","format":"standard","meta":{"ngg_post_thumbnail":0,"footnotes":""},"categories":[5,6,1,18],"tags":[20,22,21],"class_list":["post-1517","post","type-post","status-publish","format-standard","hentry","category-1-mannschaft","category-2-mannschaft","category-uncategorized","category-vorstandsinformationen","tag-mitgliederversammlung","tag-rww","tag-tagesordnung"],"_links":{"self":[{"href":"https:\/\/rww-bismarck.de\/index.php?rest_route=\/wp\/v2\/posts\/1517","targetHints":{"allow":["GET"]}}],"collection":[{"href":"https:\/\/rww-bismarck.de\/index.php?rest_route=\/wp\/v2\/posts"}],"about":[{"href":"https:\/\/rww-bismarck.de\/index.php?rest_route=\/wp\/v2\/types\/post"}],"author":[{"embeddable":true,"href":"https:\/\/rww-bismarck.de\/index.php?rest_route=\/wp\/v2\/users\/13"}],"replies":[{"embeddable":true,"href":"https:\/\/rww-bismarck.de\/index.php?rest_route=%2Fwp%2Fv2%2Fcomments&post=1517"}],"version-history":[{"count":10,"href":"https:\/\/rww-bismarck.de\/index.php?rest_route=\/wp\/v2\/posts\/1517\/revisions"}],"predecessor-version":[{"id":1557,"href":"https:\/\/rww-bismarck.de\/index.php?rest_route=\/wp\/v2\/posts\/1517\/revisions\/1557"}],"wp:attachment":[{"href":"https:\/\/rww-bismarck.de\/index.php?rest_route=%2Fwp%2Fv2%2Fmedia&parent=1517"}],"wp:term":[{"taxonomy":"category","embeddable":true,"href":"https:\/\/rww-bismarck.de\/index.php?rest_route=%2Fwp%2Fv2%2Fcategories&post=1517"},{"taxonomy":"post_tag","embeddable":true,"href":"https:\/\/rww-bismarck.de\/index.php?rest_route=%2Fwp%2Fv2%2Ftags&post=1517"}],"curies":[{"name":"wp","href":"https:\/\/api.w.org\/{rel}","templated":true}]}}