{"id":1457,"date":"2020-03-05T12:10:51","date_gmt":"2020-03-05T11:10:51","guid":{"rendered":"https:\/\/rww-bismarck.de\/?p=1457"},"modified":"2020-03-05T12:10:51","modified_gmt":"2020-03-05T11:10:51","slug":"meisterschaftsspiel-rwwb-ii-sw-gelsenkirchen-sued","status":"publish","type":"post","link":"https:\/\/rww-bismarck.de\/?p=1457","title":{"rendered":"Meisterschaftsspiel RWWB II-SW Gelsenkirchen S\u00fcd"},"content":{"rendered":"\n<p>Am Sonntag um 13 Uhr begann f\u00fcr unsere Zweite Mannschaft nach mehreren Spielabsagen endlich die R\u00fcckrunde. Gegen die Zweitvertretung von Schwarz-Wei\u00df GE-S\u00fcd sollte zum Start ins Pflichtspieljahr 2020 auch sofort der erste Sieg her.<br \/>&gt; Mit folgender Mannschaft wollten wir die drei Punkte einfahren:<br \/>&gt; Im Tor vertrat Florian Brandenburger den verletzten Stefan R\u00f6lke. Die Dreierkette in der Abwehr wurde von Fatih Eren, Armin Wienczek und Mafi Yigit gebildet. Die Doppelsechs bekleideten Kevin Felker und Steven Seewald. Auf den Au\u00dfenpositionen begannen wir mit Tim Klimasch und Kerim Tokman. Im Sturm wirbelten unser Kapit\u00e4n Domme Czajkowski, Manuel Siegmund und Benjamin Salitz. Auf der Bank nahmen Ersatzkeeper Sven Schiwan, Robert Monka, B\u00fcny Denizhan und unser Winterneuzugang Kevin Jaeger Platz.<br \/>&gt;<br \/>&gt; Bereits nach vier gespielten Minuten hatte Manu die erste Gelegenheit, setzte seinen Kopfball aber knapp daneben. Praktisch im Gegenzug hatte auch der Gast seine erste Chance. Eine Flanke von der rechten Seite segelte durch den F\u00fcnfmeterraum an den langen Pfosten wo der St\u00fcrmer den Ball zum Gl\u00fcck f\u00fcr uns aber \u00fcber das Tor donnerte.<br \/>&gt;<br \/>&gt; Nach einiger Zeit mit einigen Fehlp\u00e4ssen und Unkonzentriertheiten hatte nach einer Knappen Viertelstunde Benjamin &#8220;Boom&#8221; Salitz eine gute Gelegenheit \u00fcberlupfte mit seinem Schuss allerdings nicht nur den Keeper sondern leider auch das Tor.<br \/>&gt;<br \/>&gt; Kurz darauf hatte auch SW S\u00fcd eine gute Chance zur F\u00fchrung. Nach einem Fehlpass von Mafi direkt vor dem Sechzehner, versuchte der St\u00fcrmer den Ball \u00fcber den etwas zu weit vorne stehenden Flori zu lupfen, allerdings war dieser gerade noch rechtzeitig zur\u00fcckgeeilt und konnte den Ball ins Toraus lenken.<br \/>&gt;<br \/>&gt; Nach einer halben Stunde hatte das Warten an der Reckfeldroad dann aber zum Gl\u00fcck ein Ende. Nach einer gekl\u00e4rten Ecke schnappte sich Benni Salitz den Ball auf der rechten Seite und brachte eine starke Flanke an den zweiten Pfosten. Dort kam Armin an den Ball und legte f\u00fcr Manu auf und dieser brachte den Ball anschlie\u00dfend \u00fcber die Linie. Das erste R\u00fcckrundentor war damit erzielt und der Knoten geplatzt. Nur eine Minute sp\u00e4ter konnten wir sogar erh\u00f6hen. Domme legte den Ball gut in die Mitte auf Manu Welcher sofort auf Benni Salitz weiterleitete. Dieser lie\u00df sich anschlie\u00dfend diese Chance nicht entgehen und erzielte sein erstes Saisontor.<br \/>&gt;<br \/>&gt; Kurz vor der Pause hatte dann allerdings durch g\u00fctige Mithilfe unser Abwehr der St\u00fcrmer der G\u00e4ste keine Probleme au\u00dfen an der Torlinie entlang in den Sechzehner zu dribbeln. Dort wurde er von Steven dann unsanft gebremst was einen Elfmeter nach sich zog. Diesen verwandelten die G\u00e4ste sicher zum 2:1. Nur eine Minute sp\u00e4ter wurde ein Befreiungsschlag von Fatih abgeblockt und flog im Hohen Bogen Richtung Tor. Flori konnte den Ball gerade noch parieren und die Gefahr schien bereinigt. Allerdings wurde anschlie\u00dfend ein Spieler der G\u00e4ste vor dem Strafraum nicht entscheidend gest\u00f6rt und setzte seinen Schuss in die untere linke Ecke. Damit hatten wir uns innerhalb von 3 Minuten eine gute erste halbe Stunde kaputt gemacht und uns den Ausgleich eingefangen. Entsprechend angefressen starteten wir auch in die zweiten 45 Minuten.<br \/>&gt; Zun\u00e4chst wechselten wir Kevin Jaeger f\u00fcr Steven ein. Direkt nach dem Ansto\u00df eroberte dann Domme auf rechts den Ball und setzte Manu ein der alleine vor dem Keeper diesem keine Chance lie\u00df und zum physiologisch wichtigen Zeitpunkt die erneute F\u00fchrung markierte. Kurz darauf konnte Schwarz-Wei\u00df aber fast erneut antworten. Erneut wurde ein Spieler der G\u00e4ste nicht entscheidend gest\u00f6rt und konnte vor dem Sechzehner abziehen. Diesmal konnte Flori den Ball aber parieren.<br \/>&gt;<br \/>&gt; Das war auch die wirklich letze richtige Chance der G\u00e4ste weshalb wir immer besser ins Spiel kamen. 20 Minuten vor dem Ende setzte sich Tim auf links gut durch und legte auf Kevin Felker ab und unser Top-Torj\u00e4ger netzte sehenswert ein. Mit dem 4:2 war das Spiel dann fast schon entschieden. Als Manu dann 9 Minuten sp\u00e4ter nach sch\u00f6nem Pass von Domme auf 5:2 erh\u00f6hte war der Widerstand der G\u00e4ste dann entg\u00fcltig gebrochen. Auch deshalb aber auch weil wir unsere M\u00f6glichkeiten nun endlich gut auspielten konnten wir durch Benni Salitz und erneut Kevin Felker das 6:2 und 7:2 nachlegen.<br \/>&gt;<br \/>&gt; Mit 3 Punkten im Gep\u00e4ck starteten wir somit erfolgreich in die R\u00fcckrunde.<br \/>&gt;<br \/>&gt; Unsere Zweite spielt als n\u00e4chstes am 08.03.20 an der Plauener Str. Gegen die Zweitvertretung von Gl\u00fcckauf H\u00fcllen. Auch dort hoffen wir auf zahlreiche Unterst\u00fctzung.<\/p>\n<p>Autor: Florian Brandenburger<\/p>\n","protected":false},"excerpt":{"rendered":"<p>Am Sonntag um 13 Uhr begann f\u00fcr unsere Zweite Mannschaft nach mehreren Spielabsagen endlich die R\u00fcckrunde. Gegen die Zweitvertretung von Schwarz-Wei\u00df GE-S\u00fcd sollte zum Start ins Pflichtspieljahr 2020 auch sofort der erste Sieg her.&gt; Mit folgender Mannschaft wollten wir die drei Punkte einfahren:&gt; Im Tor vertrat Florian Brandenburger den verletzten Stefan R\u00f6lke. Die Dreierkette in [&hellip;]<\/p>\n","protected":false},"author":14,"featured_media":0,"comment_status":"open","ping_status":"open","sticky":false,"template":"","format":"standard","meta":{"ngg_post_thumbnail":0,"footnotes":""},"categories":[1],"tags":[],"class_list":["post-1457","post","type-post","status-publish","format-standard","hentry","category-uncategorized"],"_links":{"self":[{"href":"https:\/\/rww-bismarck.de\/index.php?rest_route=\/wp\/v2\/posts\/1457","targetHints":{"allow":["GET"]}}],"collection":[{"href":"https:\/\/rww-bismarck.de\/index.php?rest_route=\/wp\/v2\/posts"}],"about":[{"href":"https:\/\/rww-bismarck.de\/index.php?rest_route=\/wp\/v2\/types\/post"}],"author":[{"embeddable":true,"href":"https:\/\/rww-bismarck.de\/index.php?rest_route=\/wp\/v2\/users\/14"}],"replies":[{"embeddable":true,"href":"https:\/\/rww-bismarck.de\/index.php?rest_route=%2Fwp%2Fv2%2Fcomments&post=1457"}],"version-history":[{"count":1,"href":"https:\/\/rww-bismarck.de\/index.php?rest_route=\/wp\/v2\/posts\/1457\/revisions"}],"predecessor-version":[{"id":1458,"href":"https:\/\/rww-bismarck.de\/index.php?rest_route=\/wp\/v2\/posts\/1457\/revisions\/1458"}],"wp:attachment":[{"href":"https:\/\/rww-bismarck.de\/index.php?rest_route=%2Fwp%2Fv2%2Fmedia&parent=1457"}],"wp:term":[{"taxonomy":"category","embeddable":true,"href":"https:\/\/rww-bismarck.de\/index.php?rest_route=%2Fwp%2Fv2%2Fcategories&post=1457"},{"taxonomy":"post_tag","embeddable":true,"href":"https:\/\/rww-bismarck.de\/index.php?rest_route=%2Fwp%2Fv2%2Ftags&post=1457"}],"curies":[{"name":"wp","href":"https:\/\/api.w.org\/{rel}","templated":true}]}}