{"id":1421,"date":"2019-08-29T08:28:05","date_gmt":"2019-08-29T07:28:05","guid":{"rendered":"https:\/\/rww-bismarck.de\/?p=1421"},"modified":"2019-08-29T08:33:39","modified_gmt":"2019-08-29T07:33:39","slug":"40-jahre-gymnastikabteilung","status":"publish","type":"post","link":"https:\/\/rww-bismarck.de\/?p=1421","title":{"rendered":"40 Jahre Gymnastikabteilung"},"content":{"rendered":"\n<p><img loading=\"lazy\" decoding=\"async\" class=\"alignnone  wp-image-1407\" src=\"https:\/\/rww-bismarck.de\/wp-content\/uploads\/2019\/07\/40-J.-Gymn.-300x225.jpg\" alt=\"\" width=\"318\" height=\"238\" srcset=\"https:\/\/rww-bismarck.de\/wp-content\/uploads\/2019\/07\/40-J.-Gymn.-300x225.jpg 300w, https:\/\/rww-bismarck.de\/wp-content\/uploads\/2019\/07\/40-J.-Gymn.-768x576.jpg 768w, https:\/\/rww-bismarck.de\/wp-content\/uploads\/2019\/07\/40-J.-Gymn.-1024x768.jpg 1024w, https:\/\/rww-bismarck.de\/wp-content\/uploads\/2019\/07\/40-J.-Gymn.-425x319.jpg 425w\" sizes=\"auto, (max-width: 318px) 100vw, 318px\" \/><\/p>\n<p>\u00a0<\/p>\n<p>Oben: \u00dcbungsleiter G.Rossetto, B.Fehlberg, I.Kirch, I.Beckmann, R.Unfeld, A.V\u00f6lker, E.Priebe .Unten: G. M\u00fcller, G.Jakob<\/p>\n<p>\u00a0<\/p>\n<p>Jugendleiter Friedhelm Belker war 1979 Initiator der Gymnastikabteilung. Die Gruppe bestand damals haupts\u00e4chlich aus Trainer- und Spielerfrauen. Ein Jahr sp\u00e4ter \u00fcbernahm G\u00fcnter Rossetto die Gruppe und leitet die Abteilung bis heute. Erika Priebe war seit Bestehen dabei. J\u00e4hrlich finden mehrmals au\u00dferhalb des Trainings Treffen zu besonderen Anl\u00e4ssen statt. Das Jubil\u00e4um wurde im Vereinsheim am 12.07.2019 gefeiert.<\/p>\n","protected":false},"excerpt":{"rendered":"<p>\u00a0 Oben: \u00dcbungsleiter G.Rossetto, B.Fehlberg, I.Kirch, I.Beckmann, R.Unfeld, A.V\u00f6lker, E.Priebe .Unten: G. M\u00fcller, G.Jakob \u00a0 Jugendleiter Friedhelm Belker war 1979 Initiator der Gymnastikabteilung. Die Gruppe bestand damals haupts\u00e4chlich aus Trainer- und Spielerfrauen. Ein Jahr sp\u00e4ter \u00fcbernahm G\u00fcnter Rossetto die Gruppe und leitet die Abteilung bis heute. Erika Priebe war seit Bestehen dabei. J\u00e4hrlich finden mehrmals [&hellip;]<\/p>\n","protected":false},"author":14,"featured_media":0,"comment_status":"open","ping_status":"open","sticky":false,"template":"","format":"standard","meta":{"ngg_post_thumbnail":0,"footnotes":""},"categories":[1],"tags":[],"class_list":["post-1421","post","type-post","status-publish","format-standard","hentry","category-uncategorized"],"_links":{"self":[{"href":"https:\/\/rww-bismarck.de\/index.php?rest_route=\/wp\/v2\/posts\/1421","targetHints":{"allow":["GET"]}}],"collection":[{"href":"https:\/\/rww-bismarck.de\/index.php?rest_route=\/wp\/v2\/posts"}],"about":[{"href":"https:\/\/rww-bismarck.de\/index.php?rest_route=\/wp\/v2\/types\/post"}],"author":[{"embeddable":true,"href":"https:\/\/rww-bismarck.de\/index.php?rest_route=\/wp\/v2\/users\/14"}],"replies":[{"embeddable":true,"href":"https:\/\/rww-bismarck.de\/index.php?rest_route=%2Fwp%2Fv2%2Fcomments&post=1421"}],"version-history":[{"count":2,"href":"https:\/\/rww-bismarck.de\/index.php?rest_route=\/wp\/v2\/posts\/1421\/revisions"}],"predecessor-version":[{"id":1426,"href":"https:\/\/rww-bismarck.de\/index.php?rest_route=\/wp\/v2\/posts\/1421\/revisions\/1426"}],"wp:attachment":[{"href":"https:\/\/rww-bismarck.de\/index.php?rest_route=%2Fwp%2Fv2%2Fmedia&parent=1421"}],"wp:term":[{"taxonomy":"category","embeddable":true,"href":"https:\/\/rww-bismarck.de\/index.php?rest_route=%2Fwp%2Fv2%2Fcategories&post=1421"},{"taxonomy":"post_tag","embeddable":true,"href":"https:\/\/rww-bismarck.de\/index.php?rest_route=%2Fwp%2Fv2%2Ftags&post=1421"}],"curies":[{"name":"wp","href":"https:\/\/api.w.org\/{rel}","templated":true}]}}