{"id":1179,"date":"2018-09-13T03:56:56","date_gmt":"2018-09-13T02:56:56","guid":{"rendered":"https:\/\/rww-bismarck.de\/?p=1179"},"modified":"2018-09-13T03:56:56","modified_gmt":"2018-09-13T02:56:56","slug":"damen-ziehen-in-die-zweite-pokalrunde-ein","status":"publish","type":"post","link":"https:\/\/rww-bismarck.de\/?p=1179","title":{"rendered":"Damen ziehen in die zweite Pokalrunde ein"},"content":{"rendered":"<p><strong>Leider mussten wir sowohl verletzungs- als auch krankheitsbedingt auf einige Spieler am heutigen Mittwoch Abend verzichten. Waren aber dennoch gut aufgestellt und hatten die M\u00f6glichkeit dreifach zu wechseln.<br \/>\nAber auch Grafenwald reiste mit einem kleinen Kader an. Auch hier fehlten wichtige Pfeiler, gerade im Offensivbereich!<\/p>\n<p>In der ersten H\u00e4lfte waren wir die aktivere und st\u00e4rkere Mannschaft. Haben fr\u00fchzeitig attackiert und Grafenwald immer wieder zu Fehlern gezwungen. Einen dieser Fehler konnten wir in der 30min ausnutzen. Kim attackierte die Abwehrspielerin so, dass der R\u00fcckpass auf die herauslaufende Torfrau schief ging und Kim den Ball an ihr ins Tor einschieben konnte.<br \/>\nAmelie rettete kurz darauf noch im 1:1 gegen die St\u00fcrmerin und konnte so die F\u00fchrung mit in die Halbzeit nehmen.<br \/>\nDennoch machten auch wir die eigenen R\u00e4ume viel zu eng und hatten ein paar Schwierigkeiten im Spielaufbau.<\/p>\n<p>Klar war, dass Grafenwald in der zweiten H\u00e4lfte viel mehr machen wird, also mussten wir noch mehr Einsatz zeigen um dagegenzuhalten.<\/p>\n<p>Und es kam so wie bereits vermutet. Die zweite Halbzeit, fand \u00fcber 40minuten in unserer H\u00e4lfte statt. Obwohl Grafenwald so viel Druck machte, sprang effektiv nur eine Torchance heraus. Aber auch diese wurde von Amelie abgewehrt.<br \/>\nWir versuchten noch \u00fcber Konter die Entscheidung herbeizuf\u00fchren, jedoch scheiterte Sarah am Aluminium.<br \/>\nIn der 80min wurde Jamie nach starker Leistung ausgewechselt und Linda konnte nach l\u00e4ngerer Pause endlich ihre ersten Minuten in dieser Saison verbuchen.<br \/>\nKurz vor Schluss wurde auch Sandra f\u00fcr ihre Leistung belohnt und noch durch Rebecca ersetzt.<\/p>\n<p>Ein dickes Lob an die gesamte Mannschaft, vor allem ist jedoch heute der starke, defensive Zusammenhalt zu erw\u00e4hnen!<br \/>\nWichtig war auch, dass sich niemand weiteres Verletzt. Da es heute, wie auch immer gegen Grafenwald eine sehr faire Partie war, bestand daf\u00fcr keinerlei Gefahr!<\/strong><\/p>\n","protected":false},"excerpt":{"rendered":"<p>Leider mussten wir sowohl verletzungs- als auch krankheitsbedingt auf einige Spieler am heutigen Mittwoch Abend verzichten. Waren aber dennoch gut aufgestellt und hatten die M\u00f6glichkeit dreifach zu wechseln. Aber auch Grafenwald reiste mit einem kleinen Kader an. Auch hier fehlten wichtige Pfeiler, gerade im Offensivbereich! In der ersten H\u00e4lfte waren wir die aktivere und st\u00e4rkere [&hellip;]<\/p>\n","protected":false},"author":14,"featured_media":0,"comment_status":"open","ping_status":"open","sticky":false,"template":"","format":"standard","meta":{"ngg_post_thumbnail":0,"footnotes":""},"categories":[8],"tags":[],"class_list":["post-1179","post","type-post","status-publish","format-standard","hentry","category-damen"],"_links":{"self":[{"href":"https:\/\/rww-bismarck.de\/index.php?rest_route=\/wp\/v2\/posts\/1179","targetHints":{"allow":["GET"]}}],"collection":[{"href":"https:\/\/rww-bismarck.de\/index.php?rest_route=\/wp\/v2\/posts"}],"about":[{"href":"https:\/\/rww-bismarck.de\/index.php?rest_route=\/wp\/v2\/types\/post"}],"author":[{"embeddable":true,"href":"https:\/\/rww-bismarck.de\/index.php?rest_route=\/wp\/v2\/users\/14"}],"replies":[{"embeddable":true,"href":"https:\/\/rww-bismarck.de\/index.php?rest_route=%2Fwp%2Fv2%2Fcomments&post=1179"}],"version-history":[{"count":1,"href":"https:\/\/rww-bismarck.de\/index.php?rest_route=\/wp\/v2\/posts\/1179\/revisions"}],"predecessor-version":[{"id":1180,"href":"https:\/\/rww-bismarck.de\/index.php?rest_route=\/wp\/v2\/posts\/1179\/revisions\/1180"}],"wp:attachment":[{"href":"https:\/\/rww-bismarck.de\/index.php?rest_route=%2Fwp%2Fv2%2Fmedia&parent=1179"}],"wp:term":[{"taxonomy":"category","embeddable":true,"href":"https:\/\/rww-bismarck.de\/index.php?rest_route=%2Fwp%2Fv2%2Fcategories&post=1179"},{"taxonomy":"post_tag","embeddable":true,"href":"https:\/\/rww-bismarck.de\/index.php?rest_route=%2Fwp%2Fv2%2Ftags&post=1179"}],"curies":[{"name":"wp","href":"https:\/\/api.w.org\/{rel}","templated":true}]}}