{"id":1172,"date":"2018-09-09T18:02:02","date_gmt":"2018-09-09T17:02:02","guid":{"rendered":"https:\/\/rww-bismarck.de\/?p=1172"},"modified":"2018-09-09T18:02:02","modified_gmt":"2018-09-09T17:02:02","slug":"saisonauftakt-der-b-jugend","status":"publish","type":"post","link":"https:\/\/rww-bismarck.de\/?p=1172","title":{"rendered":"Saisonauftakt der B-Jugend"},"content":{"rendered":"<p>Waren es gestern die Eintracht M\u00e4dels, so hatten wir heute die Eintracht B-Jugend zu Gast an der Reckfeldstra\u00dfe.<\/p>\n<p>Gleich zu Beginn der Sasion den wohl sicher st\u00e4rksten Gegner, der auch keinen Zweifel aufkommen lie\u00df das seine Ambitionen der Aufstieg sei und uns mit einer doch herben Klatsche von 1 zu 10 nach Hause schickte&#8230;.<\/p>\n<p>hm&#8230;. ne, ganz so ist es doch nicht, denn auch aus Niederlagen kann man positive Dinge erzielen und wer wirklich Erfolg haben will braucht genau solche Gegner, solche Ergebnisse denn, stellt es die Mannschaft, also wir richtig an, geht man aus solchen Spielen eher gest\u00e4rkt f\u00fcr neue Aufgaben hervor.<\/p>\n<p>30 Min in der ersten Halbzeit &#8230;. Ergebnis 0 zu 1&#8230;<\/p>\n<p>30 Min in der zweiten Halbzeit &#8230;. Ergebnis 1 zu 1&#8230;<\/p>\n<p>Ja, so sieht es in etwa aus&#8230; beide Halbzeiten jeweils 10 Minuten zu lang, 10 Minuten zu wenig Konzentration, 10 Minuten nicht mehr das durchgehalten was die Trainer vorgaben&#8230; wisst Ihr was ?! &#8230; GENAU DIESE m\u00fcssen wir noch in den Griff bekommen dann sehe ich viel Licht in den kommenden Gegnern.<\/p>\n<p>Von Beginn an standen wir wirklich solide in der Abwehr. Erik, Jonas, Wolfgang, Lukas, Mati und Fabian haben GENAU das gemacht was wir ihnen vorher gesagt hatten&#8230; und es kam wie es kommen sollte, das eine Angriffswelle nach der anderen auf unser Tor zurollte und wir 30 Minuten lang auch alles taten um diese im Aufbau zu stoppen. Wir setzten sogar selber ein paar Nadelstiche \u00fcber Konter ( war zudem auch so besprochen!!)&#8230;. Bischen Gl\u00fcck, gute aufgelegte Torh\u00fcter, 30 Minuten alles tutti&#8230;doch in den letzten 10 Minuten dachte ich das irgendwer auf dem Platz mit nem Elektroschockger\u00e4t unterwegs w\u00e4re der aber auch s\u00e4mtliches Fussballverst\u00e4ndnis ausgel\u00f6scht hatte.<\/p>\n<p>Naja dachten wir uns, okay&#8230; Gegner ist stark, wir standen bis halt die letzten 10 Minuten auch so wie wir uns es dachten&#8230; Abgehakt, zweite H\u00e4lfte&#8230;.<\/p>\n<p>Hier und da ein paar Umstellungen aber nicht viel, Mati spielte in der zweiten H\u00e4lfte in der Offensive und was passiert&#8230;. tolles Zuspiel auf Mati und der erzielt doch tats\u00e4chlich und ganz einfach den Anschlu\u00dftreffer (zudem noch ein sch\u00f6nes Tor!)&#8230; 30 Minuten alles spielt wieder Fu\u00dfball und &#8230; betrachtet man die erste Halbzeit nicht steht es 1 zu 1 nach der schon \u00f6fter genannten Zeit VON 30!!! MINUTEN &#8230;leider geht eine Halbzeit bei der B 40 Minuten, und ich erlebte tats\u00e4chlich ein Deja Vu&#8230;. wieder die letzten 10 Minuten, wieder kompletter Stromausfall in unseren Spielern und wieder etliche Tore die dann zu diesem Ergebnis f\u00fchrten.<\/p>\n<p>ABGESCHLOSSEN!!!!!!!<\/p>\n<p>Kopf hoch, kann man nur sagen und weiter an den verbleibenden Minuten feilen \ud83d\ude09 &#8230;.<\/p>\n<p>Gespielt haben heute Batuhan, Paul, Erik, Jonas, Wolfgang, Lukas, Mati, Belend, Brandon, Philippe, Dominik, Nick, Luca, Fabian und Andrei<\/p>\n<p>Ein besonderer Dank geht wie immer an unsere Eltern und Freunden und an unseren *K\u00fcchenzauber RWW* um Anja, Esther, Jenny und unseren Helmut<\/p>\n<p>&nbsp;<\/p>\n","protected":false},"excerpt":{"rendered":"<p>Waren es gestern die Eintracht M\u00e4dels, so hatten wir heute die Eintracht B-Jugend zu Gast an der Reckfeldstra\u00dfe. Gleich zu Beginn der Sasion den wohl sicher st\u00e4rksten Gegner, der auch keinen Zweifel aufkommen lie\u00df das seine Ambitionen der Aufstieg sei und uns mit einer doch herben Klatsche von 1 zu 10 nach Hause schickte&#8230;. hm&#8230;. [&hellip;]<\/p>\n","protected":false},"author":14,"featured_media":0,"comment_status":"open","ping_status":"open","sticky":false,"template":"","format":"standard","meta":{"ngg_post_thumbnail":0,"footnotes":""},"categories":[7],"tags":[],"class_list":["post-1172","post","type-post","status-publish","format-standard","hentry","category-jugend"],"_links":{"self":[{"href":"https:\/\/rww-bismarck.de\/index.php?rest_route=\/wp\/v2\/posts\/1172","targetHints":{"allow":["GET"]}}],"collection":[{"href":"https:\/\/rww-bismarck.de\/index.php?rest_route=\/wp\/v2\/posts"}],"about":[{"href":"https:\/\/rww-bismarck.de\/index.php?rest_route=\/wp\/v2\/types\/post"}],"author":[{"embeddable":true,"href":"https:\/\/rww-bismarck.de\/index.php?rest_route=\/wp\/v2\/users\/14"}],"replies":[{"embeddable":true,"href":"https:\/\/rww-bismarck.de\/index.php?rest_route=%2Fwp%2Fv2%2Fcomments&post=1172"}],"version-history":[{"count":1,"href":"https:\/\/rww-bismarck.de\/index.php?rest_route=\/wp\/v2\/posts\/1172\/revisions"}],"predecessor-version":[{"id":1173,"href":"https:\/\/rww-bismarck.de\/index.php?rest_route=\/wp\/v2\/posts\/1172\/revisions\/1173"}],"wp:attachment":[{"href":"https:\/\/rww-bismarck.de\/index.php?rest_route=%2Fwp%2Fv2%2Fmedia&parent=1172"}],"wp:term":[{"taxonomy":"category","embeddable":true,"href":"https:\/\/rww-bismarck.de\/index.php?rest_route=%2Fwp%2Fv2%2Fcategories&post=1172"},{"taxonomy":"post_tag","embeddable":true,"href":"https:\/\/rww-bismarck.de\/index.php?rest_route=%2Fwp%2Fv2%2Ftags&post=1172"}],"curies":[{"name":"wp","href":"https:\/\/api.w.org\/{rel}","templated":true}]}}