{"id":1105,"date":"2018-07-30T12:24:51","date_gmt":"2018-07-30T11:24:51","guid":{"rendered":"https:\/\/rww-bismarck.de\/?p=1105"},"modified":"2018-07-30T12:24:51","modified_gmt":"2018-07-30T11:24:51","slug":"hallo-du-ja-genau-du","status":"publish","type":"post","link":"https:\/\/rww-bismarck.de\/?p=1105","title":{"rendered":"Hallo Du &#8230;&#8230; Ja genau Du"},"content":{"rendered":"<p><strong>Hallo Du ,<br \/>\nja genau Du \u2026&#8230; Wir suchen Dich<\/p>\n<p>Wenn Du in einem Verein kicken m\u00f6chtest<br \/>\nDu Langeweile zu Hause hast<br \/>\nNeue Freunde kennen lernen m\u00f6chtest<br \/>\nGerne Fu\u00dfball spielst<br \/>\nEgal ob Junge oder M\u00e4dchen<br \/>\nDu in den Jahren 2002 \u2013 2007 geboren bist<\/p>\n<p>dann komm doch einfach mal zu einem Probetraining zu<br \/>\nRot-Weiss Wacker Bismarck<br \/>\nauf der Sportanlage Reckfeldstra\u00dfe vorbei<\/p>\n<p>Wir trainieren Dienstags und Donnerstag<br \/>\nin der Zeit von 17:00 Uhr bis 20:00 Uhr.<\/p>\n<p>Oder melde Dich, wenn du Fragen hast, bei:<\/p>\n<p>A.Langer Tel.: 01575- 6472335<br \/>\nEmail: anja.langer@rww-bismarck.de<\/strong><\/p>\n","protected":false},"excerpt":{"rendered":"<p>Hallo Du , ja genau Du \u2026&#8230; Wir suchen Dich Wenn Du in einem Verein kicken m\u00f6chtest Du Langeweile zu Hause hast Neue Freunde kennen lernen m\u00f6chtest Gerne Fu\u00dfball spielst Egal ob Junge oder M\u00e4dchen Du in den Jahren 2002 \u2013 2007 geboren bist dann komm doch einfach mal zu einem Probetraining zu Rot-Weiss Wacker [&hellip;]<\/p>\n","protected":false},"author":14,"featured_media":0,"comment_status":"open","ping_status":"open","sticky":false,"template":"","format":"standard","meta":{"ngg_post_thumbnail":0,"footnotes":""},"categories":[7],"tags":[],"class_list":["post-1105","post","type-post","status-publish","format-standard","hentry","category-jugend"],"_links":{"self":[{"href":"https:\/\/rww-bismarck.de\/index.php?rest_route=\/wp\/v2\/posts\/1105","targetHints":{"allow":["GET"]}}],"collection":[{"href":"https:\/\/rww-bismarck.de\/index.php?rest_route=\/wp\/v2\/posts"}],"about":[{"href":"https:\/\/rww-bismarck.de\/index.php?rest_route=\/wp\/v2\/types\/post"}],"author":[{"embeddable":true,"href":"https:\/\/rww-bismarck.de\/index.php?rest_route=\/wp\/v2\/users\/14"}],"replies":[{"embeddable":true,"href":"https:\/\/rww-bismarck.de\/index.php?rest_route=%2Fwp%2Fv2%2Fcomments&post=1105"}],"version-history":[{"count":1,"href":"https:\/\/rww-bismarck.de\/index.php?rest_route=\/wp\/v2\/posts\/1105\/revisions"}],"predecessor-version":[{"id":1106,"href":"https:\/\/rww-bismarck.de\/index.php?rest_route=\/wp\/v2\/posts\/1105\/revisions\/1106"}],"wp:attachment":[{"href":"https:\/\/rww-bismarck.de\/index.php?rest_route=%2Fwp%2Fv2%2Fmedia&parent=1105"}],"wp:term":[{"taxonomy":"category","embeddable":true,"href":"https:\/\/rww-bismarck.de\/index.php?rest_route=%2Fwp%2Fv2%2Fcategories&post=1105"},{"taxonomy":"post_tag","embeddable":true,"href":"https:\/\/rww-bismarck.de\/index.php?rest_route=%2Fwp%2Fv2%2Ftags&post=1105"}],"curies":[{"name":"wp","href":"https:\/\/api.w.org\/{rel}","templated":true}]}}