{"id":1046,"date":"2018-05-02T08:18:45","date_gmt":"2018-05-02T07:18:45","guid":{"rendered":"https:\/\/rww-bismarck.de\/?p=1046"},"modified":"2018-05-03T05:06:51","modified_gmt":"2018-05-03T04:06:51","slug":"c-jungend-belohnt-sich-leider-nicht","status":"publish","type":"post","link":"https:\/\/rww-bismarck.de\/?p=1046","title":{"rendered":"C Jugend belohnt sich leider nicht &#8230;"},"content":{"rendered":"<p>Kampf und Leidenschaft, Einsatz und Wille alles passte, sogar das halbzeitliche Ergebnis gegen den SV Zweckel war super (2 zu 1)&#8230; doch am Ende stand man wieder ein Mal mit leeren H\u00e4nden da.<\/p>\n<p>Tolles Fu\u00dfballwetter, tolle Fans, tolle Eltern, toller Platz&#8230; \u00e4hm, ne, es war der Affenk\u00e4fig von Zweckel in dem\u00a0 unsere C Jungend am Samstag versuchte den SV an die Wand zu spielen. Doch Fu\u00dfball l\u00e4uft leider nie so wie man plant oder es sich w\u00fcnscht&#8230;<\/p>\n<p>Hochmotiviert zog man in diese Partie, die vom Papier her den SV als klaren Favoriten auswies. Wie immer versuchte die Abwehr die diesesmal etwas umstrukturiert wurde die 0 so lange wie m\u00f6glich zu halten. Bilal und Fabian, als die k\u00f6rperlich Gr\u00f6\u00dften, sollten in der Innenverteidigung daf\u00fcr sorgen das nichts hohes auf unser Tor kam, die Au\u00dfenverteidiger, Wolfgang und Andrei sollten mit schnellen Sprints Unruhe beim Gegner stiften was das ein oder andere Mal auch ganz gut gelang. Nick und Dominik sollten die Densivarbeit im Mittelfeld verrichten, Ayaz, wie \u00fcblich links im Mittelfeld, Brandon als die zentrale Figur, Felix rechts und wie meistens Mati vorne. Schon in den ersten Minuten schafften wir es uns gute Spielanteile zu sichern und dr\u00e4ngten den SV das ein oder andere Mal gut in Ihre eigene H\u00e4lfte zur\u00fcck. In dieser druckvollen Phase scho\u00df unser Felix dann von halb rechts ein tolles Tor was uns die zwischenzeitliche F\u00fchung einbrachte. Noch im Taumel der Freude dar\u00fcber das man ja auch gegen die oberen Mannschaften gut mitspielen kann, kassierten wir uns fast im Gegenzug den Ausgleichstreffer. Kollektives Schlafwandeln w\u00fcrde der Fachmann sagen, aber was unsere Mannschaft ausmacht, sie steckt nie auf!!! Genau das zeigten unsere Jungs nun dem SV, wieder tolle Spielz\u00fcge, tolle Zuspiele und eines davon auf Ayaz der eine Menge Arbeit auf der linken Seite investierte und sich schlie\u00dflich in einem wundersch\u00f6nen Tor auszahlte&#8230;2 zu 1&#8230; alles sch\u00f6n, nun ja&#8230; soweit sogut. Halbzeit &#8230;.<\/p>\n<p>Zur Halbzeit wurden ein paar Positionen neu besetzt, so kam unser Dustin, Joel und auch Enes zum Zuge.<\/p>\n<p>Den meisten war klar, das der SV sich nicht so einfach mit einer Niederlage abfinden w\u00fcrde, und&#8230;. im Nachhinein betrachtet muss der Trainer von Zweckel die besseren Worte f\u00fcr seine Mannschaft gefunden haben, denn der SV kam enorm stark zur\u00fcck aufs Feld. W\u00e4hrend wir von Beginn der zweiten H\u00e4lfte an damit zu tun hatten den Ball so weit wie m\u00f6glich von unsere mTor fern zu halten, dr\u00fccke uns der SV immer weiter in unsere H\u00e4lfte. Es sah wirklich so aus, als wenn wir konditionell am Ende waren, mit fortlaufender Spieldauer baute der SV immer weiter auf, wir leider immer weiter ab. So war es nur eine Frage der Zeit bis wir abermals den Anschlu\u00dftreffer hinnehmen mussten, nur konnten wir dieses Mal nichts mehr hinzusetzten. So blieb es eine Zitterpartie f\u00fcr uns, keine Befreiung mehr, dauerhafter Beschu\u00df von Zweckel und&#8230;.. GENAU man kann es sich denken, kurz vor Ende das 3 zu 2.<\/p>\n<p>Nat\u00fcrlich ist man da gefrustet wenn man so kurz vor Ende noch alles verliert, aber&#8230;wir haben allen Mannschaften von oben gezeigt das wir durchaus mithalten k\u00f6nnen, das wir kein Fallobst sind, und das mit uns in der Folgezeit zu rechnen sein wird. Am 22.4 waren es gerade Mal 7!!! Monate des gemeinsamen Spielbetriebes, das m\u00fcssen andere erst Mal schaffen!!! Wir m\u00fcssen noch eine Menge lernen, Fehler besser vermeiden, aber mit dem Willen der Mannschaft und auch mit dem Kampfgeist bin ich mir 100% ig sicher das wir das schaffen werden.<\/p>\n<p>Bedanken m\u00f6chte ich mich wie immer bei unseren mitgereisten Eltern und Fans&#8230; und beim Batuhan, der wieder versucht hat das Team so lange wie es nur irgendwie ging im Spiel zu halten&#8230;<\/p>\n<p>Euer Trainer Stefan<\/p>\n","protected":false},"excerpt":{"rendered":"<p>Kampf und Leidenschaft, Einsatz und Wille alles passte, sogar das halbzeitliche Ergebnis gegen den SV Zweckel war super (2 zu 1)&#8230; doch am Ende stand man wieder ein Mal mit leeren H\u00e4nden da. Tolles Fu\u00dfballwetter, tolle Fans, tolle Eltern, toller Platz&#8230; \u00e4hm, ne, es war der Affenk\u00e4fig von Zweckel in dem\u00a0 unsere C Jungend am [&hellip;]<\/p>\n","protected":false},"author":14,"featured_media":0,"comment_status":"open","ping_status":"open","sticky":false,"template":"","format":"standard","meta":{"ngg_post_thumbnail":0,"footnotes":""},"categories":[7],"tags":[],"class_list":["post-1046","post","type-post","status-publish","format-standard","hentry","category-jugend"],"_links":{"self":[{"href":"https:\/\/rww-bismarck.de\/index.php?rest_route=\/wp\/v2\/posts\/1046","targetHints":{"allow":["GET"]}}],"collection":[{"href":"https:\/\/rww-bismarck.de\/index.php?rest_route=\/wp\/v2\/posts"}],"about":[{"href":"https:\/\/rww-bismarck.de\/index.php?rest_route=\/wp\/v2\/types\/post"}],"author":[{"embeddable":true,"href":"https:\/\/rww-bismarck.de\/index.php?rest_route=\/wp\/v2\/users\/14"}],"replies":[{"embeddable":true,"href":"https:\/\/rww-bismarck.de\/index.php?rest_route=%2Fwp%2Fv2%2Fcomments&post=1046"}],"version-history":[{"count":2,"href":"https:\/\/rww-bismarck.de\/index.php?rest_route=\/wp\/v2\/posts\/1046\/revisions"}],"predecessor-version":[{"id":1051,"href":"https:\/\/rww-bismarck.de\/index.php?rest_route=\/wp\/v2\/posts\/1046\/revisions\/1051"}],"wp:attachment":[{"href":"https:\/\/rww-bismarck.de\/index.php?rest_route=%2Fwp%2Fv2%2Fmedia&parent=1046"}],"wp:term":[{"taxonomy":"category","embeddable":true,"href":"https:\/\/rww-bismarck.de\/index.php?rest_route=%2Fwp%2Fv2%2Fcategories&post=1046"},{"taxonomy":"post_tag","embeddable":true,"href":"https:\/\/rww-bismarck.de\/index.php?rest_route=%2Fwp%2Fv2%2Ftags&post=1046"}],"curies":[{"name":"wp","href":"https:\/\/api.w.org\/{rel}","templated":true}]}}